{"id":3981,"date":"2022-08-30T10:42:11","date_gmt":"2022-08-30T15:42:11","guid":{"rendered":"http:\/\/elguanajuatense.vip\/?p=3981"},"modified":"2022-08-30T10:42:11","modified_gmt":"2022-08-30T15:42:11","slug":"se-refuerza-operativo-salamanca-unidos-para-brindar-seguridad-a-comercios-guanajuatenses-jcesarprieto-gobsalamanca","status":"publish","type":"post","link":"https:\/\/elguanajuatense.vip\/?p=3981","title":{"rendered":"Se refuerza operativo \u00abSalamanca Unidos\u00bb para brindar seguridad a comercios guanajuatenses \/ @JCesarPrieto @GobSalamanca >>>"},"content":{"rendered":"\n<p><strong>#Salamanca, #Gto.<\/strong>\u00a0En un trabajo coordinado, elementos de la Direcci\u00f3n de Seguridad P\u00fablica de Salamanca, Sedena y Guardia Nacional implementan el operativo interinstitucional,\u00a0\u201cSalamanca Unidos\u201d,\u00a0que tiene por objeto brindar y reforzar la seguridad en comercios locales de todos los giros, de esta manera se salvaguarda la integridad de los salmantinos que son clientes de dichos establecimientos.<\/p>\n\n\n\n<p>En tres meses se han realizado 26 operativos coordinados con Fuerzas de Seguridad Federales, en los que se ha brindado atenci\u00f3n en 176 establecimientos de diversos giros, se han inspeccionado mil 421 veh\u00edculos as\u00ed como a 637 personas.<br>Aunado a ello, en estos dispositivos fueron recuperados dos veh\u00edculos con reporte de robo y 15 personas fueron ingresadas a los separos preventivos por diferentes faltas.<\/p>\n\n\n\n<p>El Gobierno de Salamanca encabezado por el presidente C\u00e9sar Prieto reitera el compromiso de brindar garant\u00edas de seguridad a la poblaci\u00f3n, por lo que de forma cotidiana se mantiene comunicaci\u00f3n con el Ej\u00e9rcito Mexicano, la Guardia Nacional y Fuerzas Estatales para llevar a cabo estrategias que permitan preservar la seguridad y paz en el municipio.<\/p>\n\n\n\n<p><strong>#ElGuanajuatenseVIP<\/strong> &#8211; <a href=\"https:\/\/www.facebook.com\/ElGuanajuatenseVIP\/\"><strong>El Guanajuatense VIP<\/strong><\/a><\/p>\n","protected":false},"excerpt":{"rendered":"<p>#Salamanca, #Gto.\u00a0En un trabajo coordinado, elementos de la Direcci\u00f3n de Seguridad P\u00fablica de Salamanca, Sedena y Guardia Nacional implementan el<\/p>\n","protected":false},"author":7,"featured_media":3982,"comment_status":"open","ping_status":"open","sticky":false,"template":"","format":"standard","meta":{"colormag_page_container_layout":"default_layout","colormag_page_sidebar_layout":"default_layout","rop_custom_images_group":[],"rop_custom_messages_group":[],"rop_publish_now":"initial","rop_publish_now_accounts":{"facebook_100397929117741_105998571690021":""},"rop_publish_now_history":[],"rop_publish_now_status":"pending","footnotes":""},"categories":[27],"tags":[85,31,87,45,42,30,86,38,157,156,158,39,40,41],"class_list":["post-3981","post","type-post","status-publish","format-standard","has-post-thumbnail","hentry","category-municipios-destacados","tag-cesar-prieto-gallardo","tag-diego-sinhue-rodriguez","tag-dif-salamanca","tag-el-guanajuatense-vip","tag-en-vivo","tag-guanajuato-gobierno-del-estado","tag-presidencia-municipal-de-salamanca","tag-redes-sociales","tag-secretaria-de-economia","tag-secretaria-de-educacion-publica","tag-secretaria-del-trabajo-y-prevision-social","tag-ultima-hora","tag-ultimas-noticias","tag-ultimo-minuto"],"_links":{"self":[{"href":"https:\/\/elguanajuatense.vip\/index.php?rest_route=\/wp\/v2\/posts\/3981","targetHints":{"allow":["GET"]}}],"collection":[{"href":"https:\/\/elguanajuatense.vip\/index.php?rest_route=\/wp\/v2\/posts"}],"about":[{"href":"https:\/\/elguanajuatense.vip\/index.php?rest_route=\/wp\/v2\/types\/post"}],"author":[{"embeddable":true,"href":"https:\/\/elguanajuatense.vip\/index.php?rest_route=\/wp\/v2\/users\/7"}],"replies":[{"embeddable":true,"href":"https:\/\/elguanajuatense.vip\/index.php?rest_route=%2Fwp%2Fv2%2Fcomments&post=3981"}],"version-history":[{"count":1,"href":"https:\/\/elguanajuatense.vip\/index.php?rest_route=\/wp\/v2\/posts\/3981\/revisions"}],"predecessor-version":[{"id":3983,"href":"https:\/\/elguanajuatense.vip\/index.php?rest_route=\/wp\/v2\/posts\/3981\/revisions\/3983"}],"wp:featuredmedia":[{"embeddable":true,"href":"https:\/\/elguanajuatense.vip\/index.php?rest_route=\/wp\/v2\/media\/3982"}],"wp:attachment":[{"href":"https:\/\/elguanajuatense.vip\/index.php?rest_route=%2Fwp%2Fv2%2Fmedia&parent=3981"}],"wp:term":[{"taxonomy":"category","embeddable":true,"href":"https:\/\/elguanajuatense.vip\/index.php?rest_route=%2Fwp%2Fv2%2Fcategories&post=3981"},{"taxonomy":"post_tag","embeddable":true,"href":"https:\/\/elguanajuatense.vip\/index.php?rest_route=%2Fwp%2Fv2%2Ftags&post=3981"}],"curies":[{"name":"wp","href":"https:\/\/api.w.org\/{rel}","templated":true}]}}