{"id":4066,"date":"2022-09-13T10:53:07","date_gmt":"2022-09-13T15:53:07","guid":{"rendered":"http:\/\/elguanajuatense.vip\/?p=4066"},"modified":"2022-09-13T10:53:08","modified_gmt":"2022-09-13T15:53:08","slug":"participan-29-jovenes-en-la-pinta-del-paso-pride-de-silao-guanajuato-carlitosgarciav-silaomunicipio","status":"publish","type":"post","link":"https:\/\/elguanajuatense.vip\/?p=4066","title":{"rendered":"Participan 29 j\u00f3venes en la pinta del Paso Pride de Silao, Guanajuato \/ @carlitosgarciav @SilaoMunicipio >>>"},"content":{"rendered":"\n<p><strong>#Silao, #Gto<\/strong>.- En acompa\u00f1amiento de los integrantes de la comunidad LGBTTTIQ+ , el Gobierno de Silao brind\u00f3 acompa\u00f1amiento, facilidades y material para la pinta del Paso Pride que se realiz\u00f3 en el tramo que conecta la zona peatonal con el Jard\u00edn Principal.<\/p>\n\n\n\n<p>Un total de 29 j\u00f3venes de la ciudad participaron en esta actividad como parte de la Conmemoraci\u00f3n del la \u00abSemana de los J\u00f3venes\u00bb.<\/p>\n\n\n\n<figure class=\"wp-block-image aligncenter size-large is-resized\"><img loading=\"lazy\" decoding=\"async\" src=\"http:\/\/elguanajuatense.vip\/wp-content\/uploads\/2022\/09\/sila2-1024x611.jpg\" alt=\"\" class=\"wp-image-4067\" width=\"520\" height=\"310\" srcset=\"https:\/\/elguanajuatense.vip\/wp-content\/uploads\/2022\/09\/sila2-1024x611.jpg 1024w, https:\/\/elguanajuatense.vip\/wp-content\/uploads\/2022\/09\/sila2-300x179.jpg 300w, https:\/\/elguanajuatense.vip\/wp-content\/uploads\/2022\/09\/sila2-768x458.jpg 768w, https:\/\/elguanajuatense.vip\/wp-content\/uploads\/2022\/09\/sila2-1536x917.jpg 1536w, https:\/\/elguanajuatense.vip\/wp-content\/uploads\/2022\/09\/sila2-600x358.jpg 600w, https:\/\/elguanajuatense.vip\/wp-content\/uploads\/2022\/09\/sila2.jpg 1600w\" sizes=\"auto, (max-width: 520px) 100vw, 520px\" \/><\/figure>\n\n\n\n<p><strong>#ElGuanajuatenseVIP<\/strong> &#8211; <a href=\"https:\/\/www.facebook.com\/ElGuanajuatenseVIP\/\"><strong>El Guanajuatense VIP<\/strong><\/a><\/p>\n","protected":false},"excerpt":{"rendered":"<p>#Silao, #Gto.- En acompa\u00f1amiento de los integrantes de la comunidad LGBTTTIQ+ , el Gobierno de Silao brind\u00f3 acompa\u00f1amiento, facilidades y<\/p>\n","protected":false},"author":7,"featured_media":4068,"comment_status":"open","ping_status":"open","sticky":false,"template":"","format":"standard","meta":{"colormag_page_container_layout":"default_layout","colormag_page_sidebar_layout":"default_layout","rop_custom_images_group":[],"rop_custom_messages_group":[],"rop_publish_now":"initial","rop_publish_now_accounts":{"facebook_100397929117741_105998571690021":""},"rop_publish_now_history":[],"rop_publish_now_status":"pending","footnotes":""},"categories":[26],"tags":[89,37,31,90,45,42,30,38,157,156,158,88,39,40,41],"class_list":["post-4066","post","type-post","status-publish","format-standard","has-post-thumbnail","hentry","category-municipios","tag-carlos-garcia-villasenor","tag-comunicacion-social-gobierno-de-guanajuato","tag-diego-sinhue-rodriguez","tag-dif-silao","tag-el-guanajuatense-vip","tag-en-vivo","tag-guanajuato-gobierno-del-estado","tag-redes-sociales","tag-secretaria-de-economia","tag-secretaria-de-educacion-publica","tag-secretaria-del-trabajo-y-prevision-social","tag-silao-municipio","tag-ultima-hora","tag-ultimas-noticias","tag-ultimo-minuto"],"_links":{"self":[{"href":"https:\/\/elguanajuatense.vip\/index.php?rest_route=\/wp\/v2\/posts\/4066","targetHints":{"allow":["GET"]}}],"collection":[{"href":"https:\/\/elguanajuatense.vip\/index.php?rest_route=\/wp\/v2\/posts"}],"about":[{"href":"https:\/\/elguanajuatense.vip\/index.php?rest_route=\/wp\/v2\/types\/post"}],"author":[{"embeddable":true,"href":"https:\/\/elguanajuatense.vip\/index.php?rest_route=\/wp\/v2\/users\/7"}],"replies":[{"embeddable":true,"href":"https:\/\/elguanajuatense.vip\/index.php?rest_route=%2Fwp%2Fv2%2Fcomments&post=4066"}],"version-history":[{"count":1,"href":"https:\/\/elguanajuatense.vip\/index.php?rest_route=\/wp\/v2\/posts\/4066\/revisions"}],"predecessor-version":[{"id":4069,"href":"https:\/\/elguanajuatense.vip\/index.php?rest_route=\/wp\/v2\/posts\/4066\/revisions\/4069"}],"wp:featuredmedia":[{"embeddable":true,"href":"https:\/\/elguanajuatense.vip\/index.php?rest_route=\/wp\/v2\/media\/4068"}],"wp:attachment":[{"href":"https:\/\/elguanajuatense.vip\/index.php?rest_route=%2Fwp%2Fv2%2Fmedia&parent=4066"}],"wp:term":[{"taxonomy":"category","embeddable":true,"href":"https:\/\/elguanajuatense.vip\/index.php?rest_route=%2Fwp%2Fv2%2Fcategories&post=4066"},{"taxonomy":"post_tag","embeddable":true,"href":"https:\/\/elguanajuatense.vip\/index.php?rest_route=%2Fwp%2Fv2%2Ftags&post=4066"}],"curies":[{"name":"wp","href":"https:\/\/api.w.org\/{rel}","templated":true}]}}