{"id":4124,"date":"2022-09-20T10:56:02","date_gmt":"2022-09-20T15:56:02","guid":{"rendered":"http:\/\/elguanajuatense.vip\/?p=4124"},"modified":"2022-09-20T10:56:04","modified_gmt":"2022-09-20T15:56:04","slug":"dia-internacional-del-acceso-universal-a-la-informacion-en-guanajuato-realiza-silao-la-conferencia-transparencia-y-proteccion-de-datos-personales-carlitosgarciav-silaomunicipio","status":"publish","type":"post","link":"https:\/\/elguanajuatense.vip\/?p=4124","title":{"rendered":"D\u00eda Internacional del Acceso Universal a la Informaci\u00f3n en Guanajuato; realiza Silao la conferencia \u00abTransparencia y Protecci\u00f3n de Datos Personales\u00bb \/ @carlitosgarciav @SilaoMunicipio >>>"},"content":{"rendered":"\n<p><strong>#Silao, #Gto<\/strong>.-La Unidad de Transparencia del Municipio de Silao de la Victoria, acompa\u00f1\u00f3 al Instituto de Acceso a la Informaci\u00f3n P\u00fablica para el Estado de Guanajuato, en la conferencia impartida a alumnos de la Escuela del Nivel Medio Superior de Silao, con el tema \u00abTransparencia y Protecci\u00f3n de Datos Personales\u00bb en el marco de la celebraci\u00f3n del D\u00eda Internacional del Acceso Universal a la Informaci\u00f3n.<\/p>\n\n\n\n<figure class=\"wp-block-image aligncenter size-large is-resized\"><img loading=\"lazy\" decoding=\"async\" src=\"http:\/\/elguanajuatense.vip\/wp-content\/uploads\/2022\/09\/sila2-1-1024x682.jpg\" alt=\"\" class=\"wp-image-4125\" width=\"491\" height=\"327\" srcset=\"https:\/\/elguanajuatense.vip\/wp-content\/uploads\/2022\/09\/sila2-1-1024x682.jpg 1024w, https:\/\/elguanajuatense.vip\/wp-content\/uploads\/2022\/09\/sila2-1-300x200.jpg 300w, https:\/\/elguanajuatense.vip\/wp-content\/uploads\/2022\/09\/sila2-1-768x512.jpg 768w, https:\/\/elguanajuatense.vip\/wp-content\/uploads\/2022\/09\/sila2-1-600x400.jpg 600w, https:\/\/elguanajuatense.vip\/wp-content\/uploads\/2022\/09\/sila2-1.jpg 1280w\" sizes=\"auto, (max-width: 491px) 100vw, 491px\" \/><\/figure>\n\n\n\n<p><strong>#ElGuanajuatenseVIP<\/strong> &#8211; <a href=\"https:\/\/www.facebook.com\/ElGuanajuatenseVIP\/\"><strong>El Guanajuatense VIP<\/strong><\/a><\/p>\n","protected":false},"excerpt":{"rendered":"<p>#Silao, #Gto.-La Unidad de Transparencia del Municipio de Silao de la Victoria, acompa\u00f1\u00f3 al Instituto de Acceso a la Informaci\u00f3n<\/p>\n","protected":false},"author":7,"featured_media":4126,"comment_status":"open","ping_status":"open","sticky":false,"template":"","format":"standard","meta":{"colormag_page_container_layout":"default_layout","colormag_page_sidebar_layout":"default_layout","rop_custom_images_group":[],"rop_custom_messages_group":[],"rop_publish_now":"initial","rop_publish_now_accounts":{"facebook_100397929117741_105998571690021":""},"rop_publish_now_history":[],"rop_publish_now_status":"pending","footnotes":""},"categories":[26],"tags":[89,37,31,90,45,42,30,38,164,157,156,165,158,88,39,40,41],"class_list":["post-4124","post","type-post","status-publish","format-standard","has-post-thumbnail","hentry","category-municipios","tag-carlos-garcia-villasenor","tag-comunicacion-social-gobierno-de-guanajuato","tag-diego-sinhue-rodriguez","tag-dif-silao","tag-el-guanajuatense-vip","tag-en-vivo","tag-guanajuato-gobierno-del-estado","tag-redes-sociales","tag-secretaria-de-cultura","tag-secretaria-de-economia","tag-secretaria-de-educacion-publica","tag-secretaria-del-medio-ambiente","tag-secretaria-del-trabajo-y-prevision-social","tag-silao-municipio","tag-ultima-hora","tag-ultimas-noticias","tag-ultimo-minuto"],"_links":{"self":[{"href":"https:\/\/elguanajuatense.vip\/index.php?rest_route=\/wp\/v2\/posts\/4124","targetHints":{"allow":["GET"]}}],"collection":[{"href":"https:\/\/elguanajuatense.vip\/index.php?rest_route=\/wp\/v2\/posts"}],"about":[{"href":"https:\/\/elguanajuatense.vip\/index.php?rest_route=\/wp\/v2\/types\/post"}],"author":[{"embeddable":true,"href":"https:\/\/elguanajuatense.vip\/index.php?rest_route=\/wp\/v2\/users\/7"}],"replies":[{"embeddable":true,"href":"https:\/\/elguanajuatense.vip\/index.php?rest_route=%2Fwp%2Fv2%2Fcomments&post=4124"}],"version-history":[{"count":1,"href":"https:\/\/elguanajuatense.vip\/index.php?rest_route=\/wp\/v2\/posts\/4124\/revisions"}],"predecessor-version":[{"id":4127,"href":"https:\/\/elguanajuatense.vip\/index.php?rest_route=\/wp\/v2\/posts\/4124\/revisions\/4127"}],"wp:featuredmedia":[{"embeddable":true,"href":"https:\/\/elguanajuatense.vip\/index.php?rest_route=\/wp\/v2\/media\/4126"}],"wp:attachment":[{"href":"https:\/\/elguanajuatense.vip\/index.php?rest_route=%2Fwp%2Fv2%2Fmedia&parent=4124"}],"wp:term":[{"taxonomy":"category","embeddable":true,"href":"https:\/\/elguanajuatense.vip\/index.php?rest_route=%2Fwp%2Fv2%2Fcategories&post=4124"},{"taxonomy":"post_tag","embeddable":true,"href":"https:\/\/elguanajuatense.vip\/index.php?rest_route=%2Fwp%2Fv2%2Ftags&post=4124"}],"curies":[{"name":"wp","href":"https:\/\/api.w.org\/{rel}","templated":true}]}}