{"id":4183,"date":"2022-09-29T10:46:06","date_gmt":"2022-09-29T15:46:06","guid":{"rendered":"http:\/\/elguanajuatense.vip\/?p=4183"},"modified":"2022-09-29T10:46:07","modified_gmt":"2022-09-29T15:46:07","slug":"realizan-en-dolores-hidalgo-guanajuato-procesion-de-la-santisima-virgen-de-los-dolores-adrianbiz1-doloreshgogto","status":"publish","type":"post","link":"https:\/\/elguanajuatense.vip\/?p=4183","title":{"rendered":"Realizan en Dolores Hidalgo, Guanajuato, procesi\u00f3n de la Sant\u00edsima Virgen de los Dolores \/ @AdrianBiz1 @DoloresHgoGto >>>"},"content":{"rendered":"\n<p><strong>#DoloresHidalgo, #Gto<\/strong>.- Dolores Hidalgo brilla ante la Procesi\u00f3n de la Sant\u00edsima Virgen de los Dolores. El gobierno demostr\u00f3 su agradecimiento de que este a\u00f1o pudo la Patrona llevar a cabo su recorrido junto a todos los dolorenses y del Se\u00f1or Obispo V\u00edctor Alejandro.<\/p>\n\n\n\n<figure class=\"wp-block-image aligncenter size-large is-resized\"><img loading=\"lazy\" decoding=\"async\" src=\"http:\/\/elguanajuatense.vip\/wp-content\/uploads\/2022\/09\/dolo2-1-1024x683.jpg\" alt=\"\" class=\"wp-image-4184\" width=\"490\" height=\"327\" srcset=\"https:\/\/elguanajuatense.vip\/wp-content\/uploads\/2022\/09\/dolo2-1-1024x683.jpg 1024w, https:\/\/elguanajuatense.vip\/wp-content\/uploads\/2022\/09\/dolo2-1-300x200.jpg 300w, https:\/\/elguanajuatense.vip\/wp-content\/uploads\/2022\/09\/dolo2-1-768x512.jpg 768w, https:\/\/elguanajuatense.vip\/wp-content\/uploads\/2022\/09\/dolo2-1-600x400.jpg 600w, https:\/\/elguanajuatense.vip\/wp-content\/uploads\/2022\/09\/dolo2-1.jpg 1440w\" sizes=\"auto, (max-width: 490px) 100vw, 490px\" \/><\/figure>\n\n\n\n<p><strong>#ElGuanajuatenseVIP<\/strong> &#8211;<a href=\"https:\/\/www.facebook.com\/ElGuanajuatenseVIP\/\"><strong> El Guanajuatense VIP<\/strong><\/a><\/p>\n","protected":false},"excerpt":{"rendered":"<p>#DoloresHidalgo, #Gto.- Dolores Hidalgo brilla ante la Procesi\u00f3n de la Sant\u00edsima Virgen de los Dolores. El gobierno demostr\u00f3 su agradecimiento<\/p>\n","protected":false},"author":7,"featured_media":4185,"comment_status":"open","ping_status":"open","sticky":false,"template":"","format":"standard","meta":{"colormag_page_container_layout":"default_layout","colormag_page_sidebar_layout":"default_layout","rop_custom_images_group":[],"rop_custom_messages_group":[],"rop_publish_now":"initial","rop_publish_now_accounts":{"facebook_100397929117741_105998571690021":""},"rop_publish_now_history":[],"rop_publish_now_status":"pending","footnotes":""},"categories":[26],"tags":[129,37,31,128,45,42,30,38,164,157,156,165,158,39,40,41],"class_list":["post-4183","post","type-post","status-publish","format-standard","has-post-thumbnail","hentry","category-municipios","tag-adrian-hernandez-alejandri","tag-comunicacion-social-gobierno-de-guanajuato","tag-diego-sinhue-rodriguez","tag-dolores-hidalgo-cuna-de-la-independencia-nacional","tag-el-guanajuatense-vip","tag-en-vivo","tag-guanajuato-gobierno-del-estado","tag-redes-sociales","tag-secretaria-de-cultura","tag-secretaria-de-economia","tag-secretaria-de-educacion-publica","tag-secretaria-del-medio-ambiente","tag-secretaria-del-trabajo-y-prevision-social","tag-ultima-hora","tag-ultimas-noticias","tag-ultimo-minuto"],"_links":{"self":[{"href":"https:\/\/elguanajuatense.vip\/index.php?rest_route=\/wp\/v2\/posts\/4183","targetHints":{"allow":["GET"]}}],"collection":[{"href":"https:\/\/elguanajuatense.vip\/index.php?rest_route=\/wp\/v2\/posts"}],"about":[{"href":"https:\/\/elguanajuatense.vip\/index.php?rest_route=\/wp\/v2\/types\/post"}],"author":[{"embeddable":true,"href":"https:\/\/elguanajuatense.vip\/index.php?rest_route=\/wp\/v2\/users\/7"}],"replies":[{"embeddable":true,"href":"https:\/\/elguanajuatense.vip\/index.php?rest_route=%2Fwp%2Fv2%2Fcomments&post=4183"}],"version-history":[{"count":1,"href":"https:\/\/elguanajuatense.vip\/index.php?rest_route=\/wp\/v2\/posts\/4183\/revisions"}],"predecessor-version":[{"id":4186,"href":"https:\/\/elguanajuatense.vip\/index.php?rest_route=\/wp\/v2\/posts\/4183\/revisions\/4186"}],"wp:featuredmedia":[{"embeddable":true,"href":"https:\/\/elguanajuatense.vip\/index.php?rest_route=\/wp\/v2\/media\/4185"}],"wp:attachment":[{"href":"https:\/\/elguanajuatense.vip\/index.php?rest_route=%2Fwp%2Fv2%2Fmedia&parent=4183"}],"wp:term":[{"taxonomy":"category","embeddable":true,"href":"https:\/\/elguanajuatense.vip\/index.php?rest_route=%2Fwp%2Fv2%2Fcategories&post=4183"},{"taxonomy":"post_tag","embeddable":true,"href":"https:\/\/elguanajuatense.vip\/index.php?rest_route=%2Fwp%2Fv2%2Ftags&post=4183"}],"curies":[{"name":"wp","href":"https:\/\/api.w.org\/{rel}","templated":true}]}}