{"id":4190,"date":"2022-10-04T11:23:19","date_gmt":"2022-10-04T16:23:19","guid":{"rendered":"http:\/\/elguanajuatense.vip\/?p=4190"},"modified":"2022-10-04T11:23:21","modified_gmt":"2022-10-04T16:23:21","slug":"acuerdo-de-apertura-contra-la-inflacion-y-la-carestia-entre-el-gobierno-de-mexico-e-iniciativa-privada-reducira-costo-de-la-canasta-basica-lopezobrador_-gobiernomx","status":"publish","type":"post","link":"https:\/\/elguanajuatense.vip\/?p=4190","title":{"rendered":"Acuerdo de apertura contra la inflaci\u00f3n y la carest\u00eda entre el Gobierno de M\u00e9xico e iniciativa privada reducir\u00e1 costo de la canasta b\u00e1sica \/ @lopezobrador_ @GobiernoMX >>>"},"content":{"rendered":"\n<p><strong>#GobiernoDeM\u00e9xico<\/strong>.- El presidente Andr\u00e9s Manuel L\u00f3pez Obrador encabez\u00f3 la firma del\u00a0Acuerdo de apertura contra la inflaci\u00f3n y la carest\u00eda (Apecic)\u00a0entre el Gobierno de M\u00e9xico productores y distribuidores y empresas de alimentos con el objetivo de proteger la econom\u00eda popular, los ingresos de quienes menos tienen.<\/p>\n\n\n\n<p>\u201cEs realmente importante que se haya suscrito este acuerdo y que sea mediante consenso. Fue un acuerdo, no hay imposici\u00f3n, no hay ninguna medida coercitiva, fue a partir de convencer, de persuadir y por la voluntad de ustedes (empresarios) de ayudar. Esto va a tener un efecto muy positivo, nos va a ayudar \u2014estoy seguro\u2014, a partir de ahora, para ir controlando la inflaci\u00f3n\u201d, subray\u00f3.<\/p>\n\n\n\n<p>En conferencia de prensa matutina, el secretario de Hacienda y Cr\u00e9dito P\u00fablico, Rogelio Ram\u00edrez de la O, detall\u00f3 que el Acuerdo de apertura contra la inflaci\u00f3n y la carest\u00eda contribuir\u00e1 a contrarrestar el encarecimiento de productos agr\u00edcolas y reducir los costos regulatorios y log\u00edsticos para fortalecer la oferta.<\/p>\n\n\n\n<p>Del 8.8 por ciento de inflaci\u00f3n anual en la primera quincena de septiembre, el componente de alimentos abarca el 4.2 por ciento; debido a esta situaci\u00f3n se implementar\u00e1n las siguientes medidas:<\/p>\n\n\n\n<ul class=\"wp-block-list\"><li>Actualmente el precio m\u00e1ximo promedio de la canasta b\u00e1sica acordada es de mil 129 pesos por 24 productos. La acci\u00f3n coordinada de gobierno, productores y tiendas de autoservicio tiene el objetivo de reducir a mil 39 pesos promedio, 8 por ciento, hasta el 28 de febrero de 2023.<\/li><li>Basado en la confianza, el gobierno federal otorga a las empresas firmantes del acuerdo una licencia \u00fanica, universal, por lo que hace a las actividades de importaci\u00f3n y distribuci\u00f3n de alimentos e insumos para el envase de alimentos de las empresas, las exime de todo tr\u00e1mite o permiso, incluyendo aquellos del Servicio Nacional de Sanidad, Inocuidad y Calidad Agroalimentaria (Senasica) y de la Comisi\u00f3n Federal para la Protecci\u00f3n contra Riesgos Sanitarios (Cofepris), as\u00ed como del Impuesto General de Importaci\u00f3n al Comercio Exterior.<\/li><\/ul>\n\n\n\n<p><strong>#ElGuanajuatenseVIP<\/strong> &#8211; <a href=\"https:\/\/www.facebook.com\/ElGuanajuatenseVIP\/\"><strong>El Guanajuatense VIP<\/strong><\/a><\/p>\n","protected":false},"excerpt":{"rendered":"<p>#GobiernoDeM\u00e9xico.- El presidente Andr\u00e9s Manuel L\u00f3pez Obrador encabez\u00f3 la firma del\u00a0Acuerdo de apertura contra la inflaci\u00f3n y la carest\u00eda (Apecic)\u00a0entre<\/p>\n","protected":false},"author":7,"featured_media":4191,"comment_status":"open","ping_status":"open","sticky":false,"template":"","format":"standard","meta":{"colormag_page_container_layout":"default_layout","colormag_page_sidebar_layout":"default_layout","rop_custom_images_group":[],"rop_custom_messages_group":[],"rop_publish_now":"initial","rop_publish_now_accounts":{"facebook_100397929117741_105998571690021":""},"rop_publish_now_history":[],"rop_publish_now_status":"pending","footnotes":""},"categories":[7],"tags":[49,37,31,45,42,47,30,33,38,164,157,156,165,158,39,40,41],"class_list":["post-4190","post","type-post","status-publish","format-standard","has-post-thumbnail","hentry","category-principales","tag-amlo","tag-comunicacion-social-gobierno-de-guanajuato","tag-diego-sinhue-rodriguez","tag-el-guanajuatense-vip","tag-en-vivo","tag-gobierno-de-mexico","tag-guanajuato-gobierno-del-estado","tag-pan-guanajuato","tag-redes-sociales","tag-secretaria-de-cultura","tag-secretaria-de-economia","tag-secretaria-de-educacion-publica","tag-secretaria-del-medio-ambiente","tag-secretaria-del-trabajo-y-prevision-social","tag-ultima-hora","tag-ultimas-noticias","tag-ultimo-minuto"],"_links":{"self":[{"href":"https:\/\/elguanajuatense.vip\/index.php?rest_route=\/wp\/v2\/posts\/4190","targetHints":{"allow":["GET"]}}],"collection":[{"href":"https:\/\/elguanajuatense.vip\/index.php?rest_route=\/wp\/v2\/posts"}],"about":[{"href":"https:\/\/elguanajuatense.vip\/index.php?rest_route=\/wp\/v2\/types\/post"}],"author":[{"embeddable":true,"href":"https:\/\/elguanajuatense.vip\/index.php?rest_route=\/wp\/v2\/users\/7"}],"replies":[{"embeddable":true,"href":"https:\/\/elguanajuatense.vip\/index.php?rest_route=%2Fwp%2Fv2%2Fcomments&post=4190"}],"version-history":[{"count":1,"href":"https:\/\/elguanajuatense.vip\/index.php?rest_route=\/wp\/v2\/posts\/4190\/revisions"}],"predecessor-version":[{"id":4192,"href":"https:\/\/elguanajuatense.vip\/index.php?rest_route=\/wp\/v2\/posts\/4190\/revisions\/4192"}],"wp:featuredmedia":[{"embeddable":true,"href":"https:\/\/elguanajuatense.vip\/index.php?rest_route=\/wp\/v2\/media\/4191"}],"wp:attachment":[{"href":"https:\/\/elguanajuatense.vip\/index.php?rest_route=%2Fwp%2Fv2%2Fmedia&parent=4190"}],"wp:term":[{"taxonomy":"category","embeddable":true,"href":"https:\/\/elguanajuatense.vip\/index.php?rest_route=%2Fwp%2Fv2%2Fcategories&post=4190"},{"taxonomy":"post_tag","embeddable":true,"href":"https:\/\/elguanajuatense.vip\/index.php?rest_route=%2Fwp%2Fv2%2Ftags&post=4190"}],"curies":[{"name":"wp","href":"https:\/\/api.w.org\/{rel}","templated":true}]}}