{"id":4231,"date":"2022-10-06T10:45:22","date_gmt":"2022-10-06T15:45:22","guid":{"rendered":"http:\/\/elguanajuatense.vip\/?p=4231"},"modified":"2022-10-06T10:45:24","modified_gmt":"2022-10-06T15:45:24","slug":"asiste-alcalde-adrian-hernandez-a-festividad-de-santa-teresita-en-dolores-hidalgo-guanajuato-adrianbiz1-doloreshgogto","status":"publish","type":"post","link":"https:\/\/elguanajuatense.vip\/?p=4231","title":{"rendered":"Asiste alcalde Adri\u00e1n Hern\u00e1ndez a festividad de Santa Teresita en Dolores Hidalgo, Guanajuato \/ @AdrianBiz1 @DoloresHgoGto >>>"},"content":{"rendered":"\n<p><strong>#DoloresHidalgo, #Gto<\/strong>.- Siempre es un gusto recibir al Obispo V\u00edctor Alejandro. En Dolores queremos seguir manteniendo viva la paz, nuestras tradiciones y festividades, expres\u00f3 el mun\u00edcipe, Adri\u00e1n Hern\u00e1ndez Alejandri.<\/p>\n\n\n\n<figure class=\"wp-block-image aligncenter size-large is-resized\"><img loading=\"lazy\" decoding=\"async\" src=\"http:\/\/elguanajuatense.vip\/wp-content\/uploads\/2022\/10\/dolo2-1024x683.jpg\" alt=\"\" class=\"wp-image-4232\" width=\"461\" height=\"307\" srcset=\"https:\/\/elguanajuatense.vip\/wp-content\/uploads\/2022\/10\/dolo2-1024x683.jpg 1024w, https:\/\/elguanajuatense.vip\/wp-content\/uploads\/2022\/10\/dolo2-300x200.jpg 300w, https:\/\/elguanajuatense.vip\/wp-content\/uploads\/2022\/10\/dolo2-768x512.jpg 768w, https:\/\/elguanajuatense.vip\/wp-content\/uploads\/2022\/10\/dolo2-1536x1024.jpg 1536w, https:\/\/elguanajuatense.vip\/wp-content\/uploads\/2022\/10\/dolo2-600x400.jpg 600w, https:\/\/elguanajuatense.vip\/wp-content\/uploads\/2022\/10\/dolo2.jpg 2048w\" sizes=\"auto, (max-width: 461px) 100vw, 461px\" \/><\/figure>\n\n\n\n<p><strong>#ElGuanajuatenseVIP<\/strong> &#8211; <a href=\"https:\/\/www.facebook.com\/ElGuanajuatenseVIP\/\"><strong>El Guanajuatense VIP<\/strong><\/a><\/p>\n","protected":false},"excerpt":{"rendered":"<p>#DoloresHidalgo, #Gto.- Siempre es un gusto recibir al Obispo V\u00edctor Alejandro. En Dolores queremos seguir manteniendo viva la paz, nuestras<\/p>\n","protected":false},"author":7,"featured_media":4233,"comment_status":"open","ping_status":"open","sticky":false,"template":"","format":"standard","meta":{"colormag_page_container_layout":"default_layout","colormag_page_sidebar_layout":"default_layout","rop_custom_images_group":[],"rop_custom_messages_group":[],"rop_publish_now":"initial","rop_publish_now_accounts":{"facebook_100397929117741_105998571690021":""},"rop_publish_now_history":[],"rop_publish_now_status":"pending","footnotes":""},"categories":[26],"tags":[129,37,31,146,128,45,42,30,38,164,157,156,158,39,40,41],"class_list":["post-4231","post","type-post","status-publish","format-standard","has-post-thumbnail","hentry","category-municipios","tag-adrian-hernandez-alejandri","tag-comunicacion-social-gobierno-de-guanajuato","tag-diego-sinhue-rodriguez","tag-dif-dolores-hidalgo","tag-dolores-hidalgo-cuna-de-la-independencia-nacional","tag-el-guanajuatense-vip","tag-en-vivo","tag-guanajuato-gobierno-del-estado","tag-redes-sociales","tag-secretaria-de-cultura","tag-secretaria-de-economia","tag-secretaria-de-educacion-publica","tag-secretaria-del-trabajo-y-prevision-social","tag-ultima-hora","tag-ultimas-noticias","tag-ultimo-minuto"],"_links":{"self":[{"href":"https:\/\/elguanajuatense.vip\/index.php?rest_route=\/wp\/v2\/posts\/4231","targetHints":{"allow":["GET"]}}],"collection":[{"href":"https:\/\/elguanajuatense.vip\/index.php?rest_route=\/wp\/v2\/posts"}],"about":[{"href":"https:\/\/elguanajuatense.vip\/index.php?rest_route=\/wp\/v2\/types\/post"}],"author":[{"embeddable":true,"href":"https:\/\/elguanajuatense.vip\/index.php?rest_route=\/wp\/v2\/users\/7"}],"replies":[{"embeddable":true,"href":"https:\/\/elguanajuatense.vip\/index.php?rest_route=%2Fwp%2Fv2%2Fcomments&post=4231"}],"version-history":[{"count":1,"href":"https:\/\/elguanajuatense.vip\/index.php?rest_route=\/wp\/v2\/posts\/4231\/revisions"}],"predecessor-version":[{"id":4234,"href":"https:\/\/elguanajuatense.vip\/index.php?rest_route=\/wp\/v2\/posts\/4231\/revisions\/4234"}],"wp:featuredmedia":[{"embeddable":true,"href":"https:\/\/elguanajuatense.vip\/index.php?rest_route=\/wp\/v2\/media\/4233"}],"wp:attachment":[{"href":"https:\/\/elguanajuatense.vip\/index.php?rest_route=%2Fwp%2Fv2%2Fmedia&parent=4231"}],"wp:term":[{"taxonomy":"category","embeddable":true,"href":"https:\/\/elguanajuatense.vip\/index.php?rest_route=%2Fwp%2Fv2%2Fcategories&post=4231"},{"taxonomy":"post_tag","embeddable":true,"href":"https:\/\/elguanajuatense.vip\/index.php?rest_route=%2Fwp%2Fv2%2Ftags&post=4231"}],"curies":[{"name":"wp","href":"https:\/\/api.w.org\/{rel}","templated":true}]}}