{"id":4287,"date":"2022-10-20T10:23:08","date_gmt":"2022-10-20T15:23:08","guid":{"rendered":"http:\/\/elguanajuatense.vip\/?p=4287"},"modified":"2022-10-20T10:23:10","modified_gmt":"2022-10-20T15:23:10","slug":"participan-mas-de-150-personas-en-la-formacion-de-un-mono-rosa-gigante-en-el-mirador-del-pipila-guanajuato-anavarromx-guanajuatogob","status":"publish","type":"post","link":"https:\/\/elguanajuatense.vip\/?p=4287","title":{"rendered":"Participan m\u00e1s de 150 personas en la formaci\u00f3n de un mo\u00f1o rosa gigante en el mirador del P\u00edpila, Guanajuato \/ @ANavarroMX @GuanajuatoGob >>>"},"content":{"rendered":"\n<p><strong>#Guanajuato, #Gto<\/strong>.- Convocadas por el DIF Municipal Guanajuato , m\u00e1s de 150 personas formaron un mo\u00f1o rosa gigante en el mirador del P\u00edpila.<\/p>\n\n\n\n<p>El alcalde Alejandro Navarro y su esposa, Samantha Smith , encabezaron las actividades de concientizaci\u00f3n del D\u00eda Internacional de la Lucha contra el C\u00e1ncer de Mama. Impulsamos m\u00e1s acciones para prevenir pensando en grande, concluy\u00f3 el mun\u00edcipe. <\/p>\n\n\n\n<figure class=\"wp-block-image aligncenter size-full is-resized\"><img loading=\"lazy\" decoding=\"async\" src=\"http:\/\/elguanajuatense.vip\/wp-content\/uploads\/2022\/10\/gto2.jpg\" alt=\"\" class=\"wp-image-4288\" width=\"509\" height=\"381\" srcset=\"https:\/\/elguanajuatense.vip\/wp-content\/uploads\/2022\/10\/gto2.jpg 1024w, https:\/\/elguanajuatense.vip\/wp-content\/uploads\/2022\/10\/gto2-300x225.jpg 300w, https:\/\/elguanajuatense.vip\/wp-content\/uploads\/2022\/10\/gto2-768x575.jpg 768w, https:\/\/elguanajuatense.vip\/wp-content\/uploads\/2022\/10\/gto2-600x449.jpg 600w\" sizes=\"auto, (max-width: 509px) 100vw, 509px\" \/><\/figure>\n\n\n\n<p><strong>#ElGuanajuatenseVIP<\/strong> &#8211; <a href=\"https:\/\/www.facebook.com\/ElGuanajuatenseVIP\/\"><strong>El Guanajuatense VIP<\/strong><\/a><\/p>\n","protected":false},"excerpt":{"rendered":"<p>#Guanajuato, #Gto.- Convocadas por el DIF Municipal Guanajuato , m\u00e1s de 150 personas formaron un mo\u00f1o rosa gigante en el<\/p>\n","protected":false},"author":7,"featured_media":4289,"comment_status":"open","ping_status":"open","sticky":false,"template":"","format":"standard","meta":{"colormag_page_container_layout":"default_layout","colormag_page_sidebar_layout":"default_layout","rop_custom_images_group":[],"rop_custom_messages_group":[],"rop_publish_now":"initial","rop_publish_now_accounts":{"facebook_100397929117741_105998571690021":""},"rop_publish_now_history":[],"rop_publish_now_status":"pending","footnotes":""},"categories":[27],"tags":[84,37,31,114,45,42,83,30,33,38,164,157,156,158,39,40,41],"class_list":["post-4287","post","type-post","status-publish","format-standard","has-post-thumbnail","hentry","category-municipios-destacados","tag-alejandro-navarro-saldana","tag-comunicacion-social-gobierno-de-guanajuato","tag-diego-sinhue-rodriguez","tag-dif-municipal-guanajuato","tag-el-guanajuatense-vip","tag-en-vivo","tag-gobierno-municipal-de-guanajuato","tag-guanajuato-gobierno-del-estado","tag-pan-guanajuato","tag-redes-sociales","tag-secretaria-de-cultura","tag-secretaria-de-economia","tag-secretaria-de-educacion-publica","tag-secretaria-del-trabajo-y-prevision-social","tag-ultima-hora","tag-ultimas-noticias","tag-ultimo-minuto"],"_links":{"self":[{"href":"https:\/\/elguanajuatense.vip\/index.php?rest_route=\/wp\/v2\/posts\/4287","targetHints":{"allow":["GET"]}}],"collection":[{"href":"https:\/\/elguanajuatense.vip\/index.php?rest_route=\/wp\/v2\/posts"}],"about":[{"href":"https:\/\/elguanajuatense.vip\/index.php?rest_route=\/wp\/v2\/types\/post"}],"author":[{"embeddable":true,"href":"https:\/\/elguanajuatense.vip\/index.php?rest_route=\/wp\/v2\/users\/7"}],"replies":[{"embeddable":true,"href":"https:\/\/elguanajuatense.vip\/index.php?rest_route=%2Fwp%2Fv2%2Fcomments&post=4287"}],"version-history":[{"count":1,"href":"https:\/\/elguanajuatense.vip\/index.php?rest_route=\/wp\/v2\/posts\/4287\/revisions"}],"predecessor-version":[{"id":4290,"href":"https:\/\/elguanajuatense.vip\/index.php?rest_route=\/wp\/v2\/posts\/4287\/revisions\/4290"}],"wp:featuredmedia":[{"embeddable":true,"href":"https:\/\/elguanajuatense.vip\/index.php?rest_route=\/wp\/v2\/media\/4289"}],"wp:attachment":[{"href":"https:\/\/elguanajuatense.vip\/index.php?rest_route=%2Fwp%2Fv2%2Fmedia&parent=4287"}],"wp:term":[{"taxonomy":"category","embeddable":true,"href":"https:\/\/elguanajuatense.vip\/index.php?rest_route=%2Fwp%2Fv2%2Fcategories&post=4287"},{"taxonomy":"post_tag","embeddable":true,"href":"https:\/\/elguanajuatense.vip\/index.php?rest_route=%2Fwp%2Fv2%2Ftags&post=4287"}],"curies":[{"name":"wp","href":"https:\/\/api.w.org\/{rel}","templated":true}]}}