{"id":4454,"date":"2022-11-22T17:14:19","date_gmt":"2022-11-22T23:14:19","guid":{"rendered":"http:\/\/elguanajuatense.vip\/?p=4454"},"modified":"2022-11-22T17:14:20","modified_gmt":"2022-11-22T23:14:20","slug":"arranca-en-salamanca-guanajuato-el-operativo-de-seguridad-necora-jcesarprieto-gobsalamanca","status":"publish","type":"post","link":"https:\/\/elguanajuatense.vip\/?p=4454","title":{"rendered":"Arranca en Salamanca, Guanajuato, el operativo de seguridad \u201cNecora\u201d \/ @JCesarPrieto @GobSalamanca >>>"},"content":{"rendered":"\n<p>\u00a0<strong>#Salamanca, #Guanajuato.- <\/strong>A fin de generar un entorno m\u00e1s seguro, prevenir y brindar protecci\u00f3n a los comerciantes y clientes de los negocios nocturnos, el Gobierno Municipal a trav\u00e9s de la Direcci\u00f3n de Seguridad P\u00fablica puso en marcha el operativo \u201cNecora\u201d.<\/p>\n\n\n\n<p>Durante este despliegue policiaco se mantendr\u00e1n labores de vigilancia hasta las madrugadas,&nbsp; en las cenadur\u00edas, taquer\u00edas y distintos comercios de la zona centro, norte y sur de la ciudad.<\/p>\n\n\n\n<p>Como parte de estas acciones, se incrementar\u00e1 la presencia de elementos de seguridad, coordinando fuerzas entre la Polic\u00eda Municipal, Guardia Nacional y la Secretar\u00eda de Defensa Nacional (SEDENA).<\/p>\n\n\n\n<p>Cabe mencionar que el operativo se estar\u00e1 implementando diariamente en el municipio para proteger la integridad de la ciudadan\u00eda.<\/p>\n\n\n\n<p>El Gobierno Municipal refrenda su compromiso con la poblaci\u00f3n y pone en pr\u00e1ctica estrategias coordinadas por la Direcci\u00f3n de Seguridad P\u00fablica a fin de eficientar y mejorar las labores de vigilancia y salvaguardar a las y los salmantinos.<\/p>\n\n\n\n<p><strong>#ElGuanajuatenseVIP &#8211; <a href=\"https:\/\/www.facebook.com\/ElGuanajuatenseVIP\/\">El Guanajuatense VIP<\/a><\/strong><\/p>\n","protected":false},"excerpt":{"rendered":"<p>\u00a0#Salamanca, #Guanajuato.- A fin de generar un entorno m\u00e1s seguro, prevenir y brindar protecci\u00f3n a los comerciantes y clientes de<\/p>\n","protected":false},"author":7,"featured_media":4455,"comment_status":"open","ping_status":"open","sticky":false,"template":"","format":"standard","meta":{"colormag_page_container_layout":"default_layout","colormag_page_sidebar_layout":"default_layout","rop_custom_images_group":[],"rop_custom_messages_group":[],"rop_publish_now":"initial","rop_publish_now_accounts":{"facebook_100397929117741_105998571690021":""},"rop_publish_now_history":[],"rop_publish_now_status":"pending","footnotes":""},"categories":[27],"tags":[85,37,31,87,45,42,30,33,38,164,157,156,165,158,39,40,41],"class_list":["post-4454","post","type-post","status-publish","format-standard","has-post-thumbnail","hentry","category-municipios-destacados","tag-cesar-prieto-gallardo","tag-comunicacion-social-gobierno-de-guanajuato","tag-diego-sinhue-rodriguez","tag-dif-salamanca","tag-el-guanajuatense-vip","tag-en-vivo","tag-guanajuato-gobierno-del-estado","tag-pan-guanajuato","tag-redes-sociales","tag-secretaria-de-cultura","tag-secretaria-de-economia","tag-secretaria-de-educacion-publica","tag-secretaria-del-medio-ambiente","tag-secretaria-del-trabajo-y-prevision-social","tag-ultima-hora","tag-ultimas-noticias","tag-ultimo-minuto"],"_links":{"self":[{"href":"https:\/\/elguanajuatense.vip\/index.php?rest_route=\/wp\/v2\/posts\/4454","targetHints":{"allow":["GET"]}}],"collection":[{"href":"https:\/\/elguanajuatense.vip\/index.php?rest_route=\/wp\/v2\/posts"}],"about":[{"href":"https:\/\/elguanajuatense.vip\/index.php?rest_route=\/wp\/v2\/types\/post"}],"author":[{"embeddable":true,"href":"https:\/\/elguanajuatense.vip\/index.php?rest_route=\/wp\/v2\/users\/7"}],"replies":[{"embeddable":true,"href":"https:\/\/elguanajuatense.vip\/index.php?rest_route=%2Fwp%2Fv2%2Fcomments&post=4454"}],"version-history":[{"count":2,"href":"https:\/\/elguanajuatense.vip\/index.php?rest_route=\/wp\/v2\/posts\/4454\/revisions"}],"predecessor-version":[{"id":4457,"href":"https:\/\/elguanajuatense.vip\/index.php?rest_route=\/wp\/v2\/posts\/4454\/revisions\/4457"}],"wp:featuredmedia":[{"embeddable":true,"href":"https:\/\/elguanajuatense.vip\/index.php?rest_route=\/wp\/v2\/media\/4455"}],"wp:attachment":[{"href":"https:\/\/elguanajuatense.vip\/index.php?rest_route=%2Fwp%2Fv2%2Fmedia&parent=4454"}],"wp:term":[{"taxonomy":"category","embeddable":true,"href":"https:\/\/elguanajuatense.vip\/index.php?rest_route=%2Fwp%2Fv2%2Fcategories&post=4454"},{"taxonomy":"post_tag","embeddable":true,"href":"https:\/\/elguanajuatense.vip\/index.php?rest_route=%2Fwp%2Fv2%2Ftags&post=4454"}],"curies":[{"name":"wp","href":"https:\/\/api.w.org\/{rel}","templated":true}]}}