{"id":4497,"date":"2022-11-24T17:25:45","date_gmt":"2022-11-24T23:25:45","guid":{"rendered":"http:\/\/elguanajuatense.vip\/?p=4497"},"modified":"2022-11-24T17:26:48","modified_gmt":"2022-11-24T23:26:48","slug":"trabajan-en-la-rehabilitacion-de-calles-en-acapulco-guerrero-abelinalopezr-acapulco","status":"publish","type":"post","link":"https:\/\/elguanajuatense.vip\/?p=4497","title":{"rendered":"Trabajan en la rehabilitaci\u00f3n de calles en Acapulco, Guerrero \/ @AbelinaLopezR @Acapulco >>>"},"content":{"rendered":"\n<p><strong>#Acapulco, #Gro.-<\/strong> La Direcci\u00f3n de Maquinaria Pesada y Parque Vehicular trabaja en la rehabilitaci\u00f3n con concreto hidr\u00e1ulico de la calle Juan Rodr\u00edguez Cabrillo entre la calle Andr\u00e9s de Urdaneta y la avenida Cuauht\u00e9moc, en el Fraccionamiento Hornos. <\/p>\n\n\n\n<figure class=\"wp-block-image aligncenter size-medium is-resized\"><img loading=\"lazy\" decoding=\"async\" src=\"http:\/\/elguanajuatense.vip\/wp-content\/uploads\/2022\/11\/acapul-texto-300x199.png\" alt=\"\" class=\"wp-image-4498\" width=\"430\" height=\"285\" srcset=\"https:\/\/elguanajuatense.vip\/wp-content\/uploads\/2022\/11\/acapul-texto-300x199.png 300w, https:\/\/elguanajuatense.vip\/wp-content\/uploads\/2022\/11\/acapul-texto-768x509.png 768w, https:\/\/elguanajuatense.vip\/wp-content\/uploads\/2022\/11\/acapul-texto-600x398.png 600w, https:\/\/elguanajuatense.vip\/wp-content\/uploads\/2022\/11\/acapul-texto.png 833w\" sizes=\"auto, (max-width: 430px) 100vw, 430px\" \/><\/figure>\n\n\n\n<p><strong>#ElGuanajuatenseVIP &#8211; <\/strong><a href=\"https:\/\/www.facebook.com\/ElGuanajuatenseVIP\/\">El Guanajuatense VIP<\/a><\/p>\n","protected":false},"excerpt":{"rendered":"<p>#Acapulco, #Gro.- La Direcci\u00f3n de Maquinaria Pesada y Parque Vehicular trabaja en la rehabilitaci\u00f3n con concreto hidr\u00e1ulico de la calle<\/p>\n","protected":false},"author":7,"featured_media":4499,"comment_status":"open","ping_status":"open","sticky":false,"template":"","format":"standard","meta":{"colormag_page_container_layout":"default_layout","colormag_page_sidebar_layout":"default_layout","rop_custom_images_group":[],"rop_custom_messages_group":[],"rop_publish_now":"initial","rop_publish_now_accounts":{"facebook_100397929117741_105998571690021":""},"rop_publish_now_history":[],"rop_publish_now_status":"pending","footnotes":""},"categories":[24],"tags":[111,37,31,45,42,112,110,30,33,38,164,157,156,165,158,39,40,41],"class_list":["post-4497","post","type-post","status-publish","format-standard","has-post-thumbnail","hentry","category-municipios-en-mexico","tag-abelina-lopez-rodriguez","tag-comunicacion-social-gobierno-de-guanajuato","tag-diego-sinhue-rodriguez","tag-el-guanajuatense-vip","tag-en-vivo","tag-gobierno-del-estado-de-guerrero","tag-gobierno-municipal-de-acapulco","tag-guanajuato-gobierno-del-estado","tag-pan-guanajuato","tag-redes-sociales","tag-secretaria-de-cultura","tag-secretaria-de-economia","tag-secretaria-de-educacion-publica","tag-secretaria-del-medio-ambiente","tag-secretaria-del-trabajo-y-prevision-social","tag-ultima-hora","tag-ultimas-noticias","tag-ultimo-minuto"],"_links":{"self":[{"href":"https:\/\/elguanajuatense.vip\/index.php?rest_route=\/wp\/v2\/posts\/4497","targetHints":{"allow":["GET"]}}],"collection":[{"href":"https:\/\/elguanajuatense.vip\/index.php?rest_route=\/wp\/v2\/posts"}],"about":[{"href":"https:\/\/elguanajuatense.vip\/index.php?rest_route=\/wp\/v2\/types\/post"}],"author":[{"embeddable":true,"href":"https:\/\/elguanajuatense.vip\/index.php?rest_route=\/wp\/v2\/users\/7"}],"replies":[{"embeddable":true,"href":"https:\/\/elguanajuatense.vip\/index.php?rest_route=%2Fwp%2Fv2%2Fcomments&post=4497"}],"version-history":[{"count":3,"href":"https:\/\/elguanajuatense.vip\/index.php?rest_route=\/wp\/v2\/posts\/4497\/revisions"}],"predecessor-version":[{"id":4503,"href":"https:\/\/elguanajuatense.vip\/index.php?rest_route=\/wp\/v2\/posts\/4497\/revisions\/4503"}],"wp:featuredmedia":[{"embeddable":true,"href":"https:\/\/elguanajuatense.vip\/index.php?rest_route=\/wp\/v2\/media\/4499"}],"wp:attachment":[{"href":"https:\/\/elguanajuatense.vip\/index.php?rest_route=%2Fwp%2Fv2%2Fmedia&parent=4497"}],"wp:term":[{"taxonomy":"category","embeddable":true,"href":"https:\/\/elguanajuatense.vip\/index.php?rest_route=%2Fwp%2Fv2%2Fcategories&post=4497"},{"taxonomy":"post_tag","embeddable":true,"href":"https:\/\/elguanajuatense.vip\/index.php?rest_route=%2Fwp%2Fv2%2Ftags&post=4497"}],"curies":[{"name":"wp","href":"https:\/\/api.w.org\/{rel}","templated":true}]}}