{"id":4504,"date":"2022-11-24T17:51:07","date_gmt":"2022-11-24T23:51:07","guid":{"rendered":"http:\/\/elguanajuatense.vip\/?p=4504"},"modified":"2022-11-24T17:51:09","modified_gmt":"2022-11-24T23:51:09","slug":"reinauguran-comedor-comunitario-en-silao-guanajuato-carlitosgarciav-silaomunicipio","status":"publish","type":"post","link":"https:\/\/elguanajuatense.vip\/?p=4504","title":{"rendered":"Reinauguran comedor comunitario en Silao, Guanajuato \/ @carlitosgarciav @SilaoMunicipio >>>"},"content":{"rendered":"\n<p id=\"viewer-foo\"><strong>#Silao, #Gto.- <\/strong>El Presidente Municipal Carlos Garc\u00eda Villase\u00f1or e Ivonne Castro Tovar presidenta del Sistema para el Desarrollo Integral de la Familia DIF Silao reinauguraron el comedor comunitario en la localidad de Capul\u00edn de la Cuesta, en el que se invirtieron 24 mil 100 pesos con beneficio directo a 22 familias.<\/p>\n\n\n\n<p id=\"viewer-9irk4\">El proyecto forma parte de los compromisos del actual Gobierno Municipal en coordinaci\u00f3n con el DIF para garantizar una alimentaci\u00f3n saludable de ni\u00f1as y ni\u00f1os de comunidades y la apertura de 54 comedores m\u00e1s para beneficio de quien m\u00e1s lo necesitan.<\/p>\n\n\n\n<p id=\"viewer-5u0jg\">La rehabilitaci\u00f3n y equipamiento se dio gracias a las gestiones de la Administraci\u00f3n encabezada por Garc\u00eda Villase\u00f1or y al trabajo de la Presidenta del DIF Ivonne Castro con el sector automotriz, logrando que la empresa American Axle apoyara para dignificar y hacer funcional dicho espacio.<\/p>\n\n\n\n<p id=\"viewer-8f0mh\">En su mensaje, el Presidente Municipal Carlos Garc\u00eda Villase\u00f1or resalt\u00f3 que las empresas instaladas en Silao siempre han mostrado inter\u00e9s por apoyar al municipio pues desde su llegada a la ciudad le han apostado al desarrollo y crecimiento que ve reflejado en una mejor calidad de vida de los ciudadanos.<\/p>\n\n\n\n<p id=\"viewer-cggfv\">\u201cVamos a seguir acerc\u00e1ndonos a las empresas, quienes nunca nos han dicho que no cuando les presentamos alg\u00fan proyecto; tengan la seguridad que seguiremos tocando puertas para evolucionar a Silao con el apoyo de todos\u201d, argument\u00f3 el Primer Edil.<\/p>\n\n\n\n<p><strong>#ElGuanajuatenseVIP &#8211; <\/strong><a href=\"https:\/\/www.facebook.com\/ElGuanajuatenseVIP\/\">El Guanajuatense VIP<\/a><\/p>\n","protected":false},"excerpt":{"rendered":"<p>#Silao, #Gto.- El Presidente Municipal Carlos Garc\u00eda Villase\u00f1or e Ivonne Castro Tovar presidenta del Sistema para el Desarrollo Integral de<\/p>\n","protected":false},"author":7,"featured_media":4505,"comment_status":"open","ping_status":"open","sticky":false,"template":"","format":"standard","meta":{"colormag_page_container_layout":"default_layout","colormag_page_sidebar_layout":"default_layout","rop_custom_images_group":[],"rop_custom_messages_group":[],"rop_publish_now":"initial","rop_publish_now_accounts":{"facebook_100397929117741_105998571690021":""},"rop_publish_now_history":[],"rop_publish_now_status":"pending","footnotes":""},"categories":[26],"tags":[89,37,31,45,42,29,30,33,38,164,157,156,165,158,88,39,40,41],"class_list":["post-4504","post","type-post","status-publish","format-standard","has-post-thumbnail","hentry","category-municipios","tag-carlos-garcia-villasenor","tag-comunicacion-social-gobierno-de-guanajuato","tag-diego-sinhue-rodriguez","tag-el-guanajuatense-vip","tag-en-vivo","tag-guanajuato","tag-guanajuato-gobierno-del-estado","tag-pan-guanajuato","tag-redes-sociales","tag-secretaria-de-cultura","tag-secretaria-de-economia","tag-secretaria-de-educacion-publica","tag-secretaria-del-medio-ambiente","tag-secretaria-del-trabajo-y-prevision-social","tag-silao-municipio","tag-ultima-hora","tag-ultimas-noticias","tag-ultimo-minuto"],"_links":{"self":[{"href":"https:\/\/elguanajuatense.vip\/index.php?rest_route=\/wp\/v2\/posts\/4504","targetHints":{"allow":["GET"]}}],"collection":[{"href":"https:\/\/elguanajuatense.vip\/index.php?rest_route=\/wp\/v2\/posts"}],"about":[{"href":"https:\/\/elguanajuatense.vip\/index.php?rest_route=\/wp\/v2\/types\/post"}],"author":[{"embeddable":true,"href":"https:\/\/elguanajuatense.vip\/index.php?rest_route=\/wp\/v2\/users\/7"}],"replies":[{"embeddable":true,"href":"https:\/\/elguanajuatense.vip\/index.php?rest_route=%2Fwp%2Fv2%2Fcomments&post=4504"}],"version-history":[{"count":1,"href":"https:\/\/elguanajuatense.vip\/index.php?rest_route=\/wp\/v2\/posts\/4504\/revisions"}],"predecessor-version":[{"id":4506,"href":"https:\/\/elguanajuatense.vip\/index.php?rest_route=\/wp\/v2\/posts\/4504\/revisions\/4506"}],"wp:featuredmedia":[{"embeddable":true,"href":"https:\/\/elguanajuatense.vip\/index.php?rest_route=\/wp\/v2\/media\/4505"}],"wp:attachment":[{"href":"https:\/\/elguanajuatense.vip\/index.php?rest_route=%2Fwp%2Fv2%2Fmedia&parent=4504"}],"wp:term":[{"taxonomy":"category","embeddable":true,"href":"https:\/\/elguanajuatense.vip\/index.php?rest_route=%2Fwp%2Fv2%2Fcategories&post=4504"},{"taxonomy":"post_tag","embeddable":true,"href":"https:\/\/elguanajuatense.vip\/index.php?rest_route=%2Fwp%2Fv2%2Ftags&post=4504"}],"curies":[{"name":"wp","href":"https:\/\/api.w.org\/{rel}","templated":true}]}}