{"id":4703,"date":"2022-12-13T12:06:14","date_gmt":"2022-12-13T18:06:14","guid":{"rendered":"http:\/\/elguanajuatense.vip\/?p=4703"},"modified":"2022-12-13T12:06:15","modified_gmt":"2022-12-13T18:06:15","slug":"presidente-presentara-a-joseph-biden-plan-de-sustitucion-de-importaciones-significara-inversiones-lopezobrador_-gobiernomx","status":"publish","type":"post","link":"https:\/\/elguanajuatense.vip\/?p=4703","title":{"rendered":"Presidente presentar\u00e1 a Joseph Biden plan de sustituci\u00f3n de importaciones; significar\u00e1 inversiones \/ @lopezobrador_ @GobiernoMX >>>"},"content":{"rendered":"\n<p><strong>#GobiernoDeM\u00e9xico.-<\/strong> El presidente Andr\u00e9s Manuel L\u00f3pez Obrador reafirm\u00f3 que en la pr\u00f3xima visita a M\u00e9xico de su hom\u00f3logo estadounidense, Joseph Biden, le propondr\u00e1 un modelo de sustituci\u00f3n de importaciones con el prop\u00f3sito de producir en Am\u00e9rica lo que se consume.<\/p>\n\n\n\n<p>\u201cEsto va a significar inversiones y muchos empleos. Es muy optimista la situaci\u00f3n econ\u00f3mica del pa\u00eds; ya est\u00e1n instal\u00e1ndose muchas empresas que estaban en Asia, se est\u00e1n mudando a M\u00e9xico y esto es bastante favorable\u201d, agreg\u00f3 en conferencia de prensa matutina.<\/p>\n\n\n\n<p>El mandatario refiri\u00f3 que este planteamiento se apoya de dos proyectos encaminados al desarrollo de los pueblos del continente.<\/p>\n\n\n\n<p>\u201cUno que tiene que ver con una alianza para el bienestar de todos los pueblos de Am\u00e9rica Latina y el Caribe; otra m\u00e1s para vernos en todo el continente como aliados y que se respete la soberan\u00eda de los pueblos, la autodeterminaci\u00f3n de los pueblos\u201d, detall\u00f3.<\/p>\n\n\n\n<p>Resalt\u00f3 que M\u00e9xico y Estados Unidos, a 200 a\u00f1os del inicio de la relaci\u00f3n diplom\u00e1tica, mantienen un v\u00ednculo de fraternidad y respeto.<\/p>\n\n\n\n<p>\u201cSomos m\u00e1s amigos que antes y nuestras relaciones econ\u00f3micas-comerciales son de primer orden. Somos los principales socios comerciales en el mundo: M\u00e9xico y Estados Unidos, entonces vamos bien\u201d, afirm\u00f3.<\/p>\n\n\n\n<p><strong>#ElGuanajuatenseVIP &#8211; <\/strong><a href=\"https:\/\/www.facebook.com\/ElGuanajuatenseVIP\/\">El Guanajuatense VIP<\/a><\/p>\n","protected":false},"excerpt":{"rendered":"<p>#GobiernoDeM\u00e9xico.- El presidente Andr\u00e9s Manuel L\u00f3pez Obrador reafirm\u00f3 que en la pr\u00f3xima visita a M\u00e9xico de su hom\u00f3logo estadounidense, Joseph<\/p>\n","protected":false},"author":7,"featured_media":4704,"comment_status":"open","ping_status":"open","sticky":false,"template":"","format":"standard","meta":{"colormag_page_container_layout":"default_layout","colormag_page_sidebar_layout":"default_layout","rop_custom_images_group":[],"rop_custom_messages_group":[],"rop_publish_now":"initial","rop_publish_now_accounts":{"facebook_100397929117741_105998571690021":""},"rop_publish_now_history":[],"rop_publish_now_status":"pending","footnotes":""},"categories":[7],"tags":[48,37,31,45,42,47,30,33,38,164,157,156,165,158,39,40,41],"class_list":["post-4703","post","type-post","status-publish","format-standard","has-post-thumbnail","hentry","category-principales","tag-andres-manuel-lopez-obrador","tag-comunicacion-social-gobierno-de-guanajuato","tag-diego-sinhue-rodriguez","tag-el-guanajuatense-vip","tag-en-vivo","tag-gobierno-de-mexico","tag-guanajuato-gobierno-del-estado","tag-pan-guanajuato","tag-redes-sociales","tag-secretaria-de-cultura","tag-secretaria-de-economia","tag-secretaria-de-educacion-publica","tag-secretaria-del-medio-ambiente","tag-secretaria-del-trabajo-y-prevision-social","tag-ultima-hora","tag-ultimas-noticias","tag-ultimo-minuto"],"_links":{"self":[{"href":"https:\/\/elguanajuatense.vip\/index.php?rest_route=\/wp\/v2\/posts\/4703","targetHints":{"allow":["GET"]}}],"collection":[{"href":"https:\/\/elguanajuatense.vip\/index.php?rest_route=\/wp\/v2\/posts"}],"about":[{"href":"https:\/\/elguanajuatense.vip\/index.php?rest_route=\/wp\/v2\/types\/post"}],"author":[{"embeddable":true,"href":"https:\/\/elguanajuatense.vip\/index.php?rest_route=\/wp\/v2\/users\/7"}],"replies":[{"embeddable":true,"href":"https:\/\/elguanajuatense.vip\/index.php?rest_route=%2Fwp%2Fv2%2Fcomments&post=4703"}],"version-history":[{"count":1,"href":"https:\/\/elguanajuatense.vip\/index.php?rest_route=\/wp\/v2\/posts\/4703\/revisions"}],"predecessor-version":[{"id":4705,"href":"https:\/\/elguanajuatense.vip\/index.php?rest_route=\/wp\/v2\/posts\/4703\/revisions\/4705"}],"wp:featuredmedia":[{"embeddable":true,"href":"https:\/\/elguanajuatense.vip\/index.php?rest_route=\/wp\/v2\/media\/4704"}],"wp:attachment":[{"href":"https:\/\/elguanajuatense.vip\/index.php?rest_route=%2Fwp%2Fv2%2Fmedia&parent=4703"}],"wp:term":[{"taxonomy":"category","embeddable":true,"href":"https:\/\/elguanajuatense.vip\/index.php?rest_route=%2Fwp%2Fv2%2Fcategories&post=4703"},{"taxonomy":"post_tag","embeddable":true,"href":"https:\/\/elguanajuatense.vip\/index.php?rest_route=%2Fwp%2Fv2%2Ftags&post=4703"}],"curies":[{"name":"wp","href":"https:\/\/api.w.org\/{rel}","templated":true}]}}