{"id":4807,"date":"2022-12-20T10:29:17","date_gmt":"2022-12-20T16:29:17","guid":{"rendered":"http:\/\/elguanajuatense.vip\/?p=4807"},"modified":"2022-12-20T10:29:19","modified_gmt":"2022-12-20T16:29:19","slug":"recorrido-virtual-por-el-museo-de-antropologia-2","status":"publish","type":"post","link":"https:\/\/elguanajuatense.vip\/?p=4807","title":{"rendered":"<strong>Recorrido virtual por el Museo de Antropologia<\/strong>"},"content":{"rendered":"\n<p><strong>#Eventos.- <\/strong>El recorrido lo narrara el arque\u00f3logo Gerardo Orozco especialista en el tema quien, apoyado en planos, fotograf\u00edas actuales y antiguas nos hablara de la historia del recinto, de las culturas prehisp\u00e1nicas, de la iconograf\u00eda e historia de cada pieza y sala y tu aprender\u00e1s historia, arte, arqueolog\u00eda, iconograf\u00eda y religi\u00f3n.<\/p>\n\n\n\n<p><strong>#ElGuanajuatenseVIP &#8211; <\/strong><a href=\"https:\/\/www.facebook.com\/ElGuanajuatenseVIP\/\">El Guanajuatense VIP<\/a><\/p>\n","protected":false},"excerpt":{"rendered":"<p>#Eventos.- El recorrido lo narrara el arque\u00f3logo Gerardo Orozco especialista en el tema quien, apoyado en planos, fotograf\u00edas actuales y<\/p>\n","protected":false},"author":7,"featured_media":4808,"comment_status":"open","ping_status":"open","sticky":false,"template":"","format":"standard","meta":{"colormag_page_container_layout":"default_layout","colormag_page_sidebar_layout":"default_layout","rop_custom_images_group":[],"rop_custom_messages_group":[],"rop_publish_now":"initial","rop_publish_now_accounts":{"facebook_100397929117741_105998571690021":""},"rop_publish_now_history":[],"rop_publish_now_status":"pending","footnotes":""},"categories":[22],"tags":[37,31,45,42,30,33,38,39,40,41],"class_list":["post-4807","post","type-post","status-publish","format-standard","has-post-thumbnail","hentry","category-eventos-especiales","tag-comunicacion-social-gobierno-de-guanajuato","tag-diego-sinhue-rodriguez","tag-el-guanajuatense-vip","tag-en-vivo","tag-guanajuato-gobierno-del-estado","tag-pan-guanajuato","tag-redes-sociales","tag-ultima-hora","tag-ultimas-noticias","tag-ultimo-minuto"],"_links":{"self":[{"href":"https:\/\/elguanajuatense.vip\/index.php?rest_route=\/wp\/v2\/posts\/4807","targetHints":{"allow":["GET"]}}],"collection":[{"href":"https:\/\/elguanajuatense.vip\/index.php?rest_route=\/wp\/v2\/posts"}],"about":[{"href":"https:\/\/elguanajuatense.vip\/index.php?rest_route=\/wp\/v2\/types\/post"}],"author":[{"embeddable":true,"href":"https:\/\/elguanajuatense.vip\/index.php?rest_route=\/wp\/v2\/users\/7"}],"replies":[{"embeddable":true,"href":"https:\/\/elguanajuatense.vip\/index.php?rest_route=%2Fwp%2Fv2%2Fcomments&post=4807"}],"version-history":[{"count":1,"href":"https:\/\/elguanajuatense.vip\/index.php?rest_route=\/wp\/v2\/posts\/4807\/revisions"}],"predecessor-version":[{"id":4809,"href":"https:\/\/elguanajuatense.vip\/index.php?rest_route=\/wp\/v2\/posts\/4807\/revisions\/4809"}],"wp:featuredmedia":[{"embeddable":true,"href":"https:\/\/elguanajuatense.vip\/index.php?rest_route=\/wp\/v2\/media\/4808"}],"wp:attachment":[{"href":"https:\/\/elguanajuatense.vip\/index.php?rest_route=%2Fwp%2Fv2%2Fmedia&parent=4807"}],"wp:term":[{"taxonomy":"category","embeddable":true,"href":"https:\/\/elguanajuatense.vip\/index.php?rest_route=%2Fwp%2Fv2%2Fcategories&post=4807"},{"taxonomy":"post_tag","embeddable":true,"href":"https:\/\/elguanajuatense.vip\/index.php?rest_route=%2Fwp%2Fv2%2Ftags&post=4807"}],"curies":[{"name":"wp","href":"https:\/\/api.w.org\/{rel}","templated":true}]}}