{"id":4819,"date":"2022-12-22T09:46:17","date_gmt":"2022-12-22T15:46:17","guid":{"rendered":"http:\/\/elguanajuatense.vip\/?p=4819"},"modified":"2022-12-22T09:46:19","modified_gmt":"2022-12-22T15:46:19","slug":"coordinacion-de-adulto-mayor-de-dif-celaya-realizo-su-posada-de-fin-de-ano-jmendozamarquez-municipiocelaya","status":"publish","type":"post","link":"https:\/\/elguanajuatense.vip\/?p=4819","title":{"rendered":"Coordinaci\u00f3n de Adulto Mayor de DIF Celaya realiz\u00f3 su posada de fin de a\u00f1o \/ @jmendozamarquez @municipiocelaya >>>"},"content":{"rendered":"\n<p><strong>#Celaya, #Gto.- <\/strong>Con la representaci\u00f3n de una pastorela, c\u00e1nticos y aguinaldos los adultos mayores de Casa D\u00eda celebraron su posada en el parque XIMHAI la ma\u00f1ana del pasado lunes.<\/p>\n\n\n\n<p>Cerca de 200 adultos acudieron al festejo de v\u00edsperas de navidad que organizo el Sistema para el Desarrollo Integral de la Familia DIF.<\/p>\n\n\n\n<p>Este grupo de adultos mayores acuden de manera frecuente a dicha coordinaci\u00f3n y participaron en cada una de las presentaciones que con gran entusiasmo.<\/p>\n\n\n\n<p>Desde d\u00edas antes del evento se prepararon con ensayos para la pastorela, las canciones navide\u00f1as y los bailables, as\u00ed lo inform\u00f3 la coordinadora del programa Adriana C\u00e1rdenas Ruiz.<\/p>\n\n\n\n<p>\u201cLlevamos ya varios d\u00edas preparando este evento, las adultas y adultos mayores pusieron todo su entusiasmo para que este d\u00eda fuera de mucha alegr\u00eda, los colaboradores de casa d\u00eda prepararon el tradicional ponche y tacos para los asistentes\u201d, inform\u00f3.<\/p>\n\n\n\n<p>La presidenta del patronato del Sistema DIF, Rosa Mar\u00eda Su\u00e1rez de Mendoza, (la se\u00f1ora Rosita), en su mensaje se dijo sentir muy orgullosa de estar compartiendo una vez m\u00e1s con los adultos mayores y aprovech\u00f3 la oportunidad para desearles a todos unas felices fiestas navide\u00f1as y un a\u00f1o lleno de salud y bendiciones.<\/p>\n\n\n\n<p><strong>#ElGuanajuatenseVIP &#8211; <\/strong><a href=\"https:\/\/www.facebook.com\/ElGuanajuatenseVIP\/\">El Guanajuatense VIP<\/a><\/p>\n","protected":false},"excerpt":{"rendered":"<p>#Celaya, #Gto.- Con la representaci\u00f3n de una pastorela, c\u00e1nticos y aguinaldos los adultos mayores de Casa D\u00eda celebraron su posada<\/p>\n","protected":false},"author":7,"featured_media":4820,"comment_status":"open","ping_status":"open","sticky":false,"template":"","format":"standard","meta":{"colormag_page_container_layout":"default_layout","colormag_page_sidebar_layout":"default_layout","rop_custom_images_group":[],"rop_custom_messages_group":[],"rop_publish_now":"initial","rop_publish_now_accounts":{"facebook_100397929117741_105998571690021":""},"rop_publish_now_history":[],"rop_publish_now_status":"pending","footnotes":""},"categories":[27],"tags":[31,65,45,42,30,105,33,38,164,157,156,165,158,39,40,41],"class_list":["post-4819","post","type-post","status-publish","format-standard","has-post-thumbnail","hentry","category-municipios-destacados","tag-diego-sinhue-rodriguez","tag-dif-celaya","tag-el-guanajuatense-vip","tag-en-vivo","tag-guanajuato-gobierno-del-estado","tag-javier-mendoza-marquez","tag-pan-guanajuato","tag-redes-sociales","tag-secretaria-de-cultura","tag-secretaria-de-economia","tag-secretaria-de-educacion-publica","tag-secretaria-del-medio-ambiente","tag-secretaria-del-trabajo-y-prevision-social","tag-ultima-hora","tag-ultimas-noticias","tag-ultimo-minuto"],"_links":{"self":[{"href":"https:\/\/elguanajuatense.vip\/index.php?rest_route=\/wp\/v2\/posts\/4819","targetHints":{"allow":["GET"]}}],"collection":[{"href":"https:\/\/elguanajuatense.vip\/index.php?rest_route=\/wp\/v2\/posts"}],"about":[{"href":"https:\/\/elguanajuatense.vip\/index.php?rest_route=\/wp\/v2\/types\/post"}],"author":[{"embeddable":true,"href":"https:\/\/elguanajuatense.vip\/index.php?rest_route=\/wp\/v2\/users\/7"}],"replies":[{"embeddable":true,"href":"https:\/\/elguanajuatense.vip\/index.php?rest_route=%2Fwp%2Fv2%2Fcomments&post=4819"}],"version-history":[{"count":2,"href":"https:\/\/elguanajuatense.vip\/index.php?rest_route=\/wp\/v2\/posts\/4819\/revisions"}],"predecessor-version":[{"id":4822,"href":"https:\/\/elguanajuatense.vip\/index.php?rest_route=\/wp\/v2\/posts\/4819\/revisions\/4822"}],"wp:featuredmedia":[{"embeddable":true,"href":"https:\/\/elguanajuatense.vip\/index.php?rest_route=\/wp\/v2\/media\/4820"}],"wp:attachment":[{"href":"https:\/\/elguanajuatense.vip\/index.php?rest_route=%2Fwp%2Fv2%2Fmedia&parent=4819"}],"wp:term":[{"taxonomy":"category","embeddable":true,"href":"https:\/\/elguanajuatense.vip\/index.php?rest_route=%2Fwp%2Fv2%2Fcategories&post=4819"},{"taxonomy":"post_tag","embeddable":true,"href":"https:\/\/elguanajuatense.vip\/index.php?rest_route=%2Fwp%2Fv2%2Ftags&post=4819"}],"curies":[{"name":"wp","href":"https:\/\/api.w.org\/{rel}","templated":true}]}}