{"id":4850,"date":"2022-12-27T12:13:43","date_gmt":"2022-12-27T18:13:43","guid":{"rendered":"http:\/\/elguanajuatense.vip\/?p=4850"},"modified":"2022-12-27T12:36:06","modified_gmt":"2022-12-27T18:36:06","slug":"casos-de-covid-19-en-mexico-suman-ocho-semanas-de-incremento-hospitalizaciones-se-mantienen-estables-lopezobrador_-gobiernomx","status":"publish","type":"post","link":"https:\/\/elguanajuatense.vip\/?p=4850","title":{"rendered":"Casos de Covid-19 en M\u00e9xico suman ocho semanas de incremento; hospitalizaciones se mantienen estables \/ @lopezobrador_ @GobiernoMX >>>"},"content":{"rendered":"\n<p><strong>#GobiernoDeM\u00e9xico.- <\/strong>Debido a las bajas temperaturas, los casos de COVID-19 en M\u00e9xico han aumentado en las \u00faltimas ocho semanas, sin embargo, los ingresos en hospitales se mantienen en niveles m\u00ednimos, de siete por ciento en camas generales y de dos por ciento en camas con ventilador, inform\u00f3 el subsecretario de Prevenci\u00f3n y Promoci\u00f3n de la Salud, Hugo L\u00f3pez-Gatell Ram\u00edrez.<\/p>\n\n\n\n<p>\u201cLlevamos ocho semanas de incremento en el n\u00famero de casos que se van registrando. (&#8230;) Afortunadamente se ha mantenido muy consistente esta situaci\u00f3n donde aumentan los casos, pero las hospitalizaciones aumentan a un ritmo mucho menor\u201d, subray\u00f3.<\/p>\n\n\n\n<p>La \u00e9poca invernal, dijo, provoca una mayor frecuencia de enfermedades respiratorias, principalmente las transmitidas por virus.<\/p>\n\n\n\n<p>En conferencia de prensa matutina con el presidente Andr\u00e9s Manuel L\u00f3pez Obrador, refiri\u00f3 que la vacuna contra COVID-19 ha ayudado a prevenir cuadros graves, por lo que en la semana epidemiol\u00f3gica 51, la mortalidad registr\u00f3 un promedio de dos fallecimientos diarios.<\/p>\n\n\n\n<p>\u201cSeguimos invitando a cualquier persona que no se haya vacunado a que lo haga en los puestos de vacunaci\u00f3n. (\u2026) A pap\u00e1s, mam\u00e1s u otros familiares a que lleven a sus hijas e hijos de cinco a once a\u00f1os a vacunar. A\u00fan quedan vacunas disponibles para este grupo de edad\u201d, expres\u00f3.<\/p>\n\n\n\n<p>A la fecha, la cobertura alcanza el 60 por ciento en ni\u00f1as y ni\u00f1os de cinco a once a\u00f1os; el 84 por ciento en personas de todas las edades; el 91 por ciento en adultos mayores de 18 a\u00f1os y de 64 por ciento en adolescentes de 12 a 17 a\u00f1os.<\/p>\n\n\n\n<p><strong>#ElGuanajuatenseVIP &#8211; <\/strong><a href=\"https:\/\/www.facebook.com\/ElGuanajuatenseVIP\/\">El Guanajuatense VIP<\/a><\/p>\n","protected":false},"excerpt":{"rendered":"<p>#GobiernoDeM\u00e9xico.- Debido a las bajas temperaturas, los casos de COVID-19 en M\u00e9xico han aumentado en las \u00faltimas ocho semanas, sin<\/p>\n","protected":false},"author":7,"featured_media":4862,"comment_status":"open","ping_status":"open","sticky":false,"template":"","format":"standard","meta":{"colormag_page_container_layout":"default_layout","colormag_page_sidebar_layout":"default_layout","rop_custom_images_group":[],"rop_custom_messages_group":[],"rop_publish_now":"initial","rop_publish_now_accounts":{"facebook_100397929117741_105998571690021":""},"rop_publish_now_history":[],"rop_publish_now_status":"pending","footnotes":""},"categories":[7],"tags":[48,37,31,42,47,30,33,38,164,157,156,165,158,39,40,41],"class_list":["post-4850","post","type-post","status-publish","format-standard","has-post-thumbnail","hentry","category-principales","tag-andres-manuel-lopez-obrador","tag-comunicacion-social-gobierno-de-guanajuato","tag-diego-sinhue-rodriguez","tag-en-vivo","tag-gobierno-de-mexico","tag-guanajuato-gobierno-del-estado","tag-pan-guanajuato","tag-redes-sociales","tag-secretaria-de-cultura","tag-secretaria-de-economia","tag-secretaria-de-educacion-publica","tag-secretaria-del-medio-ambiente","tag-secretaria-del-trabajo-y-prevision-social","tag-ultima-hora","tag-ultimas-noticias","tag-ultimo-minuto"],"_links":{"self":[{"href":"https:\/\/elguanajuatense.vip\/index.php?rest_route=\/wp\/v2\/posts\/4850","targetHints":{"allow":["GET"]}}],"collection":[{"href":"https:\/\/elguanajuatense.vip\/index.php?rest_route=\/wp\/v2\/posts"}],"about":[{"href":"https:\/\/elguanajuatense.vip\/index.php?rest_route=\/wp\/v2\/types\/post"}],"author":[{"embeddable":true,"href":"https:\/\/elguanajuatense.vip\/index.php?rest_route=\/wp\/v2\/users\/7"}],"replies":[{"embeddable":true,"href":"https:\/\/elguanajuatense.vip\/index.php?rest_route=%2Fwp%2Fv2%2Fcomments&post=4850"}],"version-history":[{"count":2,"href":"https:\/\/elguanajuatense.vip\/index.php?rest_route=\/wp\/v2\/posts\/4850\/revisions"}],"predecessor-version":[{"id":4854,"href":"https:\/\/elguanajuatense.vip\/index.php?rest_route=\/wp\/v2\/posts\/4850\/revisions\/4854"}],"wp:featuredmedia":[{"embeddable":true,"href":"https:\/\/elguanajuatense.vip\/index.php?rest_route=\/wp\/v2\/media\/4862"}],"wp:attachment":[{"href":"https:\/\/elguanajuatense.vip\/index.php?rest_route=%2Fwp%2Fv2%2Fmedia&parent=4850"}],"wp:term":[{"taxonomy":"category","embeddable":true,"href":"https:\/\/elguanajuatense.vip\/index.php?rest_route=%2Fwp%2Fv2%2Fcategories&post=4850"},{"taxonomy":"post_tag","embeddable":true,"href":"https:\/\/elguanajuatense.vip\/index.php?rest_route=%2Fwp%2Fv2%2Ftags&post=4850"}],"curies":[{"name":"wp","href":"https:\/\/api.w.org\/{rel}","templated":true}]}}