{"id":5084,"date":"2023-01-12T12:37:27","date_gmt":"2023-01-12T18:37:27","guid":{"rendered":"http:\/\/elguanajuatense.vip\/?p=5084"},"modified":"2023-01-12T12:37:29","modified_gmt":"2023-01-12T18:37:29","slug":"tour-virtual-por-la-zona-arqueologica-de-cantona","status":"publish","type":"post","link":"https:\/\/elguanajuatense.vip\/?p=5084","title":{"rendered":"<strong>Tour virtual por la Zona Arqueol\u00f3gica de Cantona<\/strong>"},"content":{"rendered":"\n<p><strong>#Eventos.- <\/strong>En esta ocasi\u00f3n visitaremos de forma virtual una de las ciudades prehisp\u00e1nicas mas impresionantes de Mesoam\u00e9rica: Cantona. Con una extensi\u00f3n de 14 km y con mas de 90 mil en su \u00e9poca de esplendor, ha sido considerada la segunda ciudad mas grande despu\u00e9s de Teotihuacan.<\/p>\n\n\n\n<p>El recorrido lo narrara el arque\u00f3logo Gerardo Orozco especialista en el tema quien, apoyado en planos, fotograf\u00edas actuales y antiguas nos hablara de la arqueolog\u00eda e historia de los atractivos mas bellos del estado de Tlaxcala<\/p>\n\n\n\n<p><strong>#ElGuanajuatenseVIP &#8211; <\/strong><a href=\"https:\/\/www.facebook.com\/ElGuanajuatenseVIP\/\">El Guanajuatense VIP<\/a><\/p>\n","protected":false},"excerpt":{"rendered":"<p>#Eventos.- En esta ocasi\u00f3n visitaremos de forma virtual una de las ciudades prehisp\u00e1nicas mas impresionantes de Mesoam\u00e9rica: Cantona. Con una<\/p>\n","protected":false},"author":7,"featured_media":5085,"comment_status":"open","ping_status":"open","sticky":false,"template":"","format":"standard","meta":{"colormag_page_container_layout":"default_layout","colormag_page_sidebar_layout":"default_layout","rop_custom_images_group":[],"rop_custom_messages_group":[],"rop_publish_now":"initial","rop_publish_now_accounts":{"facebook_100397929117741_105998571690021":""},"rop_publish_now_history":[],"rop_publish_now_status":"pending","footnotes":""},"categories":[22],"tags":[37,31,45,42,30,33,38,39,40,41],"class_list":["post-5084","post","type-post","status-publish","format-standard","has-post-thumbnail","hentry","category-eventos-especiales","tag-comunicacion-social-gobierno-de-guanajuato","tag-diego-sinhue-rodriguez","tag-el-guanajuatense-vip","tag-en-vivo","tag-guanajuato-gobierno-del-estado","tag-pan-guanajuato","tag-redes-sociales","tag-ultima-hora","tag-ultimas-noticias","tag-ultimo-minuto"],"_links":{"self":[{"href":"https:\/\/elguanajuatense.vip\/index.php?rest_route=\/wp\/v2\/posts\/5084","targetHints":{"allow":["GET"]}}],"collection":[{"href":"https:\/\/elguanajuatense.vip\/index.php?rest_route=\/wp\/v2\/posts"}],"about":[{"href":"https:\/\/elguanajuatense.vip\/index.php?rest_route=\/wp\/v2\/types\/post"}],"author":[{"embeddable":true,"href":"https:\/\/elguanajuatense.vip\/index.php?rest_route=\/wp\/v2\/users\/7"}],"replies":[{"embeddable":true,"href":"https:\/\/elguanajuatense.vip\/index.php?rest_route=%2Fwp%2Fv2%2Fcomments&post=5084"}],"version-history":[{"count":1,"href":"https:\/\/elguanajuatense.vip\/index.php?rest_route=\/wp\/v2\/posts\/5084\/revisions"}],"predecessor-version":[{"id":5086,"href":"https:\/\/elguanajuatense.vip\/index.php?rest_route=\/wp\/v2\/posts\/5084\/revisions\/5086"}],"wp:featuredmedia":[{"embeddable":true,"href":"https:\/\/elguanajuatense.vip\/index.php?rest_route=\/wp\/v2\/media\/5085"}],"wp:attachment":[{"href":"https:\/\/elguanajuatense.vip\/index.php?rest_route=%2Fwp%2Fv2%2Fmedia&parent=5084"}],"wp:term":[{"taxonomy":"category","embeddable":true,"href":"https:\/\/elguanajuatense.vip\/index.php?rest_route=%2Fwp%2Fv2%2Fcategories&post=5084"},{"taxonomy":"post_tag","embeddable":true,"href":"https:\/\/elguanajuatense.vip\/index.php?rest_route=%2Fwp%2Fv2%2Ftags&post=5084"}],"curies":[{"name":"wp","href":"https:\/\/api.w.org\/{rel}","templated":true}]}}