{"id":5118,"date":"2023-01-17T11:38:37","date_gmt":"2023-01-17T17:38:37","guid":{"rendered":"http:\/\/elguanajuatense.vip\/?p=5118"},"modified":"2023-01-17T11:38:38","modified_gmt":"2023-01-17T17:38:38","slug":"silao-fortalece-vinculos-con-guanajuato-y-el-estado-de-michoacan-tras-su-participacion-en-la-feria-estatal-de-leon-carlitosgarciav-silaomunicipio","status":"publish","type":"post","link":"https:\/\/elguanajuatense.vip\/?p=5118","title":{"rendered":"Silao fortalece v\u00ednculos con Guanajuato y el Estado de Michoac\u00e1n tras su participaci\u00f3n en la Feria Estatal de Le\u00f3n \/ @carlitosgarciav @SilaoMunicipio >>>"},"content":{"rendered":"\n<p><strong>#Silao, #Gto.- <\/strong>Cada vez se fortalecen m\u00e1s los v\u00ednculos entre Silao, Guanajuato, y el estado de Michoac\u00e1n, ahora coincidentes en su participaci\u00f3n en la inauguraci\u00f3n de la Feria Estatal de Le\u00f3n, donde gratamente convivieron el Presidente Municipal de Silao, Carlos Garc\u00eda Villase\u00f1or y su se\u00f1ora esposa Ivonne Castro Tovar con destacados funcionarios del gobierno michoacano como el Secretario de Desarrollo Econ\u00f3mico, Claudio M\u00e9ndez Fern\u00e1ndez; Jos\u00e9 Padilla, Director de Inversiones y X\u00f3chitl Godoy Toscano, Directora de Comercializaci\u00f3n, entre otros destacados servidores p\u00fablicos y dirigentes de organismos de la iniciativa privada comprometidos en dinamizar la actividad econ\u00f3mica e industrial de ambas entidades con la Rep\u00fablica y el mundo.<\/p>\n\n\n\n<figure class=\"wp-block-image aligncenter size-medium is-resized\"><img loading=\"lazy\" decoding=\"async\" src=\"http:\/\/elguanajuatense.vip\/wp-content\/uploads\/2023\/01\/silao-tex-300x170.png\" alt=\"\" class=\"wp-image-5119\" width=\"417\" height=\"236\" srcset=\"https:\/\/elguanajuatense.vip\/wp-content\/uploads\/2023\/01\/silao-tex-300x170.png 300w, https:\/\/elguanajuatense.vip\/wp-content\/uploads\/2023\/01\/silao-tex-768x435.png 768w, https:\/\/elguanajuatense.vip\/wp-content\/uploads\/2023\/01\/silao-tex-600x340.png 600w, https:\/\/elguanajuatense.vip\/wp-content\/uploads\/2023\/01\/silao-tex.png 947w\" sizes=\"auto, (max-width: 417px) 100vw, 417px\" \/><\/figure>\n\n\n\n<p><strong>#ElGuanajuatenseVIP &#8211; <\/strong><a href=\"https:\/\/www.facebook.com\/ElGuanajuatenseVIP\/\">El Guanajuatense VIP<\/a><\/p>\n","protected":false},"excerpt":{"rendered":"<p>#Silao, #Gto.- Cada vez se fortalecen m\u00e1s los v\u00ednculos entre Silao, Guanajuato, y el estado de Michoac\u00e1n, ahora coincidentes en<\/p>\n","protected":false},"author":7,"featured_media":5120,"comment_status":"open","ping_status":"open","sticky":false,"template":"","format":"standard","meta":{"colormag_page_container_layout":"default_layout","colormag_page_sidebar_layout":"default_layout","rop_custom_images_group":[],"rop_custom_messages_group":[],"rop_publish_now":"initial","rop_publish_now_accounts":{"facebook_100397929117741_105998571690021":""},"rop_publish_now_history":[],"rop_publish_now_status":"pending","footnotes":""},"categories":[26],"tags":[89,37,31,42,30,33,38,164,157,156,165,158,88,39,40,41],"class_list":["post-5118","post","type-post","status-publish","format-standard","has-post-thumbnail","hentry","category-municipios","tag-carlos-garcia-villasenor","tag-comunicacion-social-gobierno-de-guanajuato","tag-diego-sinhue-rodriguez","tag-en-vivo","tag-guanajuato-gobierno-del-estado","tag-pan-guanajuato","tag-redes-sociales","tag-secretaria-de-cultura","tag-secretaria-de-economia","tag-secretaria-de-educacion-publica","tag-secretaria-del-medio-ambiente","tag-secretaria-del-trabajo-y-prevision-social","tag-silao-municipio","tag-ultima-hora","tag-ultimas-noticias","tag-ultimo-minuto"],"_links":{"self":[{"href":"https:\/\/elguanajuatense.vip\/index.php?rest_route=\/wp\/v2\/posts\/5118","targetHints":{"allow":["GET"]}}],"collection":[{"href":"https:\/\/elguanajuatense.vip\/index.php?rest_route=\/wp\/v2\/posts"}],"about":[{"href":"https:\/\/elguanajuatense.vip\/index.php?rest_route=\/wp\/v2\/types\/post"}],"author":[{"embeddable":true,"href":"https:\/\/elguanajuatense.vip\/index.php?rest_route=\/wp\/v2\/users\/7"}],"replies":[{"embeddable":true,"href":"https:\/\/elguanajuatense.vip\/index.php?rest_route=%2Fwp%2Fv2%2Fcomments&post=5118"}],"version-history":[{"count":1,"href":"https:\/\/elguanajuatense.vip\/index.php?rest_route=\/wp\/v2\/posts\/5118\/revisions"}],"predecessor-version":[{"id":5121,"href":"https:\/\/elguanajuatense.vip\/index.php?rest_route=\/wp\/v2\/posts\/5118\/revisions\/5121"}],"wp:featuredmedia":[{"embeddable":true,"href":"https:\/\/elguanajuatense.vip\/index.php?rest_route=\/wp\/v2\/media\/5120"}],"wp:attachment":[{"href":"https:\/\/elguanajuatense.vip\/index.php?rest_route=%2Fwp%2Fv2%2Fmedia&parent=5118"}],"wp:term":[{"taxonomy":"category","embeddable":true,"href":"https:\/\/elguanajuatense.vip\/index.php?rest_route=%2Fwp%2Fv2%2Fcategories&post=5118"},{"taxonomy":"post_tag","embeddable":true,"href":"https:\/\/elguanajuatense.vip\/index.php?rest_route=%2Fwp%2Fv2%2Ftags&post=5118"}],"curies":[{"name":"wp","href":"https:\/\/api.w.org\/{rel}","templated":true}]}}