{"id":5143,"date":"2023-01-19T10:32:40","date_gmt":"2023-01-19T16:32:40","guid":{"rendered":"http:\/\/elguanajuatense.vip\/?p=5143"},"modified":"2023-01-19T10:39:46","modified_gmt":"2023-01-19T16:39:46","slug":"dif-celaya-unifica-acciones-en-beneficio-de-la-infancia-por-medio-de-sipinna-jmendozamarquez-municipiocelaya","status":"publish","type":"post","link":"https:\/\/elguanajuatense.vip\/?p=5143","title":{"rendered":"DIF Celaya unific\u00f3 acciones en beneficio de la infancia por medio de SIPINNA \/ @jmendozamarquez @municipiocelaya >>>"},"content":{"rendered":"\n<p><strong>#Celaya, #Gto.- <\/strong>La ma\u00f1ana de este martes en las inmediaciones del Sistema para el Desarrollo Integral de la Familia de Celaya se llev\u00f3 a cabo la primera reuni\u00f3n regional de este 2023, de los Sistemas de Protecci\u00f3n Integral de los Derechos de las Ni\u00f1as, Ni\u00f1os y Adolescentes.<\/p>\n\n\n\n<p>La presidenta del Patronato del SISTEMA DIF, la se\u00f1ora Rosita Su\u00e1rez de Mendoza, dijo que el principal objetivo que se debe trabajar de manera conjunta es que los ni\u00f1os y ni\u00f1as regresen a las aulas de clase, esto ante la preocupaci\u00f3n que hay por el rezago educativo a causa de la pandemia.<\/p>\n\n\n\n<p>\u201cEn Celaya a trav\u00e9s de la Coordinaci\u00f3n de Acciones a Favor de la Infancia se trabaja con ni\u00f1as, ni\u00f1os y adolescentes que fueron rescatados del trabajo en calle, esto dentro del trabajo permanente que tenemos con la campa\u00f1a Celaya por una Infancia Feliz, y con esas alianzas los que se busca es garantizar una plena calidad de vida para nuestras nuevas generaciones que son ni\u00f1as y ni\u00f1os\u201d<\/p>\n\n\n\n<p>\u201cAgradezco el inter\u00e9s de todos por ser parte de estas mesas de trabajo. Para mi es una preocupaci\u00f3n que se dio en comunidades ya no quisieron regresar a la escuela y esto es responsabilidad de madres y padres que muchos tampoco los regresaron a la escuela, y lo que se tiene que asumir es su responsabilidad y con esto se vulneran los derechos de los ni\u00f1os, ya que esta es su etapa de crecimiento y donde pueden encontrar un mejor futuro\u201d, dijo.<\/p>\n\n\n\n<p>Por su parte la directora general de DIF Celaya, Mar\u00eda del Carmen N\u00fa\u00f1ez Mares, resalt\u00f3 el trabajo de CAFI y el que esta administraci\u00f3n siguiera trabajando con ese programa que ya otorga becas y despensas alimentarias a familias completas con menores a su cargo.<\/p>\n\n\n\n<p><strong>#ElGuanajuatenseVIP &#8211; <\/strong><a href=\"https:\/\/www.facebook.com\/ElGuanajuatenseVIP\/\">El Guanajuatense VIP<\/a><\/p>\n","protected":false},"excerpt":{"rendered":"<p>#Celaya, #Gto.- La ma\u00f1ana de este martes en las inmediaciones del Sistema para el Desarrollo Integral de la Familia de<\/p>\n","protected":false},"author":7,"featured_media":5144,"comment_status":"open","ping_status":"open","sticky":false,"template":"","format":"standard","meta":{"colormag_page_container_layout":"default_layout","colormag_page_sidebar_layout":"default_layout","rop_custom_images_group":[],"rop_custom_messages_group":[],"rop_publish_now":"initial","rop_publish_now_accounts":{"facebook_100397929117741_105998571690021":""},"rop_publish_now_history":[],"rop_publish_now_status":"pending","footnotes":""},"categories":[27],"tags":[62,31,45,42,30,105,33,38,164,157,156,165,158,39,40,41],"class_list":["post-5143","post","type-post","status-publish","format-standard","has-post-thumbnail","hentry","category-municipios-destacados","tag-celaya","tag-diego-sinhue-rodriguez","tag-el-guanajuatense-vip","tag-en-vivo","tag-guanajuato-gobierno-del-estado","tag-javier-mendoza-marquez","tag-pan-guanajuato","tag-redes-sociales","tag-secretaria-de-cultura","tag-secretaria-de-economia","tag-secretaria-de-educacion-publica","tag-secretaria-del-medio-ambiente","tag-secretaria-del-trabajo-y-prevision-social","tag-ultima-hora","tag-ultimas-noticias","tag-ultimo-minuto"],"_links":{"self":[{"href":"https:\/\/elguanajuatense.vip\/index.php?rest_route=\/wp\/v2\/posts\/5143","targetHints":{"allow":["GET"]}}],"collection":[{"href":"https:\/\/elguanajuatense.vip\/index.php?rest_route=\/wp\/v2\/posts"}],"about":[{"href":"https:\/\/elguanajuatense.vip\/index.php?rest_route=\/wp\/v2\/types\/post"}],"author":[{"embeddable":true,"href":"https:\/\/elguanajuatense.vip\/index.php?rest_route=\/wp\/v2\/users\/7"}],"replies":[{"embeddable":true,"href":"https:\/\/elguanajuatense.vip\/index.php?rest_route=%2Fwp%2Fv2%2Fcomments&post=5143"}],"version-history":[{"count":3,"href":"https:\/\/elguanajuatense.vip\/index.php?rest_route=\/wp\/v2\/posts\/5143\/revisions"}],"predecessor-version":[{"id":5151,"href":"https:\/\/elguanajuatense.vip\/index.php?rest_route=\/wp\/v2\/posts\/5143\/revisions\/5151"}],"wp:featuredmedia":[{"embeddable":true,"href":"https:\/\/elguanajuatense.vip\/index.php?rest_route=\/wp\/v2\/media\/5144"}],"wp:attachment":[{"href":"https:\/\/elguanajuatense.vip\/index.php?rest_route=%2Fwp%2Fv2%2Fmedia&parent=5143"}],"wp:term":[{"taxonomy":"category","embeddable":true,"href":"https:\/\/elguanajuatense.vip\/index.php?rest_route=%2Fwp%2Fv2%2Fcategories&post=5143"},{"taxonomy":"post_tag","embeddable":true,"href":"https:\/\/elguanajuatense.vip\/index.php?rest_route=%2Fwp%2Fv2%2Ftags&post=5143"}],"curies":[{"name":"wp","href":"https:\/\/api.w.org\/{rel}","templated":true}]}}