{"id":5344,"date":"2023-02-07T09:33:00","date_gmt":"2023-02-07T15:33:00","guid":{"rendered":"http:\/\/elguanajuatense.vip\/?p=5344"},"modified":"2023-02-07T09:33:01","modified_gmt":"2023-02-07T15:33:01","slug":"san-miguel-de-allende-sede-del-consejo-academico-de-occidente-mauriciotrejop-gobmunicipalsma","status":"publish","type":"post","link":"https:\/\/elguanajuatense.vip\/?p=5344","title":{"rendered":"San Miguel de Allende, sede del Consejo Acad\u00e9mico de Occidente \/ @MauricioTrejoP @GobMunicipalSMA >>>"},"content":{"rendered":"\n<p id=\"viewer-82mkt\"><strong>#SanMiguelDeAllende, #Gto.- <\/strong>Por los buenos resultados de la Secretar\u00eda de Seguridad Ciudadana (SSC) al reactivar su Academia de Seguridad, San Miguel de Allende fue distinguida como ciudad sede de la Sesi\u00f3n Ordinaria del Consejo Acad\u00e9mico de Occidente (CARO).<\/p>\n\n\n\n<p id=\"viewer-bda79\">Este evento encabezado por el presidente municipal Mauricio Trejo y el secretario de Seguridad P\u00fablica del Estado (SSPE) Alvar Cabeza de Vaca, congreg\u00f3 a los titulares de diversas academias de formaci\u00f3n policial y fiscal\u00edas de los estados de: Aguascalientes, Colima, Jalisco, Michoac\u00e1n, Nayarit, Quer\u00e9taro, Zacatecas y Guanajuato, para mejorar sus respectivos procesos de aprendizaje mediante una retroalimentaci\u00f3n interinstitucional.<\/p>\n\n\n\n<p id=\"viewer-2ici0\">Destacando los logros y avances de la nueva estrategia municipal de seguridad, Mauricio Trejo comento: \u00abofrecerles que sigan haciendo estas reuniones aqu\u00ed en este municipio, un municipio que le apuesta much\u00edsimo a la preparaci\u00f3n de elementos de seguridad, es un municipio que le apuesta much\u00edsimo a la academia y que es un municipio que tiene como objetivos principales brindar seguridad\u00bb.<\/p>\n\n\n\n<p id=\"viewer-i0rp\">El mandatario municipal resalt\u00f3 que actualmente San Miguel tiene la capacidad para la formaci\u00f3n de nuevos polic\u00edas, quienes fortalecer\u00e1n las distintas corporaciones de la SSC, as\u00ed como de los municipios de la regi\u00f3n norte y occidente del estado de Guanajuato.<\/p>\n\n\n\n<p id=\"viewer-3r727\">Reconociendo a San Miguel de Allende como un municipio ejemplar en materia de seguridad para la poblaci\u00f3n y sus visitantes, el secretario estatal, Alvar Cabeza de Vaca, agradeci\u00f3 Mauricio Trejo por ser anfitri\u00f3n y se\u00f1al\u00f3: \u00abestamos muy contentos de poder ser anfitriones como estado, y m\u00e1s en lo que representa esta hermos\u00edsima ciudad del municipio de San Miguel de Allende\u00bb, haciendo alusi\u00f3n al nombramiento que obtuvo San Miguel como la Mejor Ciudad Peque\u00f1a del Mundo y ser considerada en Espa\u00f1a como el destino tur\u00edstico favorito para Europa.<\/p>\n\n\n\n<p><strong>#ElGuanajuatenseVIP &#8211; <\/strong><a href=\"https:\/\/www.facebook.com\/ElGuanajuatenseVIP\/\">El Guanajuatense VIP<\/a><\/p>\n","protected":false},"excerpt":{"rendered":"<p>#SanMiguelDeAllende, #Gto.- Por los buenos resultados de la Secretar\u00eda de Seguridad Ciudadana (SSC) al reactivar su Academia de Seguridad, San<\/p>\n","protected":false},"author":7,"featured_media":5345,"comment_status":"open","ping_status":"open","sticky":false,"template":"","format":"standard","meta":{"colormag_page_container_layout":"default_layout","colormag_page_sidebar_layout":"default_layout","rop_custom_images_group":[],"rop_custom_messages_group":[],"rop_publish_now":"initial","rop_publish_now_accounts":{"facebook_100397929117741_105998571690021":""},"rop_publish_now_history":[],"rop_publish_now_status":"pending","footnotes":""},"categories":[27],"tags":[37,31,45,42,30,67,33,38,66,164,157,156,165,158,39,40,41],"class_list":["post-5344","post","type-post","status-publish","format-standard","has-post-thumbnail","hentry","category-municipios-destacados","tag-comunicacion-social-gobierno-de-guanajuato","tag-diego-sinhue-rodriguez","tag-el-guanajuatense-vip","tag-en-vivo","tag-guanajuato-gobierno-del-estado","tag-mauricio-trejo-pureco","tag-pan-guanajuato","tag-redes-sociales","tag-san-miguel-de-allende","tag-secretaria-de-cultura","tag-secretaria-de-economia","tag-secretaria-de-educacion-publica","tag-secretaria-del-medio-ambiente","tag-secretaria-del-trabajo-y-prevision-social","tag-ultima-hora","tag-ultimas-noticias","tag-ultimo-minuto"],"_links":{"self":[{"href":"https:\/\/elguanajuatense.vip\/index.php?rest_route=\/wp\/v2\/posts\/5344","targetHints":{"allow":["GET"]}}],"collection":[{"href":"https:\/\/elguanajuatense.vip\/index.php?rest_route=\/wp\/v2\/posts"}],"about":[{"href":"https:\/\/elguanajuatense.vip\/index.php?rest_route=\/wp\/v2\/types\/post"}],"author":[{"embeddable":true,"href":"https:\/\/elguanajuatense.vip\/index.php?rest_route=\/wp\/v2\/users\/7"}],"replies":[{"embeddable":true,"href":"https:\/\/elguanajuatense.vip\/index.php?rest_route=%2Fwp%2Fv2%2Fcomments&post=5344"}],"version-history":[{"count":3,"href":"https:\/\/elguanajuatense.vip\/index.php?rest_route=\/wp\/v2\/posts\/5344\/revisions"}],"predecessor-version":[{"id":5348,"href":"https:\/\/elguanajuatense.vip\/index.php?rest_route=\/wp\/v2\/posts\/5344\/revisions\/5348"}],"wp:featuredmedia":[{"embeddable":true,"href":"https:\/\/elguanajuatense.vip\/index.php?rest_route=\/wp\/v2\/media\/5345"}],"wp:attachment":[{"href":"https:\/\/elguanajuatense.vip\/index.php?rest_route=%2Fwp%2Fv2%2Fmedia&parent=5344"}],"wp:term":[{"taxonomy":"category","embeddable":true,"href":"https:\/\/elguanajuatense.vip\/index.php?rest_route=%2Fwp%2Fv2%2Fcategories&post=5344"},{"taxonomy":"post_tag","embeddable":true,"href":"https:\/\/elguanajuatense.vip\/index.php?rest_route=%2Fwp%2Fv2%2Ftags&post=5344"}],"curies":[{"name":"wp","href":"https:\/\/api.w.org\/{rel}","templated":true}]}}