{"id":5494,"date":"2023-02-23T09:31:31","date_gmt":"2023-02-23T15:31:31","guid":{"rendered":"http:\/\/elguanajuatense.vip\/?p=5494"},"modified":"2023-02-23T09:31:33","modified_gmt":"2023-02-23T15:31:33","slug":"gobierno-municipal-de-salamanca-comienza-obra-publica-en-praderas-del-sol-jcesarprieto-gobsalamanca","status":"publish","type":"post","link":"https:\/\/elguanajuatense.vip\/?p=5494","title":{"rendered":"Gobierno municipal de Salamanca comienza Obra P\u00fablica en Praderas del Sol \/ @JCesarPrieto @GobSalamanca >>>"},"content":{"rendered":"\n<p><strong>\u00a0#Salamanca, #Gto.- <\/strong>A fin de brindar servicios \u00f3ptimos a la poblaci\u00f3n salmantina, el Gobierno Municipal en coparticipaci\u00f3n con el Gobierno Estatal,\u00a0 comenz\u00f3 con los trabajos de rehabilitaci\u00f3n\u00a0en la colonia Praderas del Sol.<\/p>\n\n\n\n<p>La obra, para la que se destin\u00f3 una inversi\u00f3n total de 4 millones 294 mil 542.48 pesos, beneficiar\u00e1 a 625 vecinos directos de las calles Mares, Vientos, R\u00edos, Verano y Oto\u00f1o.<\/p>\n\n\n\n<p>En esta zona, los trabajos consistir\u00e1n en demolici\u00f3n y reposici\u00f3n de concreto hidr\u00e1ulico en arroyo vehicular y banquetas, se instalar\u00e1 la l\u00ednea sanitaria de polietileno de alta densidad de 10 pulgadas de di\u00e1metro con una longitud de 1,073.58 m., as\u00ed como la construcci\u00f3n de 10 pozos de visita con una altura de 1.50 metros.<\/p>\n\n\n\n<p>Finalmente, tambi\u00e9n se rehabilitar\u00e1n 125 descargas sanitarias que incluyen trabajos trabajos de excavaci\u00f3n y la instalaci\u00f3n de 750 m. de tuber\u00eda de Polietileno de 6 pulgadas de di\u00e1metro y la fabricaci\u00f3n de registros sanitarios.<\/p>\n\n\n\n<p><strong>#ElGuanajuatenseVIP &#8211; <\/strong><a href=\"https:\/\/www.facebook.com\/ElGuanajuatenseVIP\/\">El Guanajuatense VIP<\/a><\/p>\n","protected":false},"excerpt":{"rendered":"<p>\u00a0#Salamanca, #Gto.- A fin de brindar servicios \u00f3ptimos a la poblaci\u00f3n salmantina, el Gobierno Municipal en coparticipaci\u00f3n con el Gobierno<\/p>\n","protected":false},"author":7,"featured_media":5495,"comment_status":"open","ping_status":"open","sticky":false,"template":"","format":"standard","meta":{"colormag_page_container_layout":"default_layout","colormag_page_sidebar_layout":"default_layout","rop_custom_images_group":[],"rop_custom_messages_group":[],"rop_publish_now":"initial","rop_publish_now_accounts":{"facebook_100397929117741_105998571690021":""},"rop_publish_now_history":[],"rop_publish_now_status":"pending","footnotes":""},"categories":[27],"tags":[85,37,31,45,42,30,33,86,38,164,157,156,165,158,39,40,41],"class_list":["post-5494","post","type-post","status-publish","format-standard","has-post-thumbnail","hentry","category-municipios-destacados","tag-cesar-prieto-gallardo","tag-comunicacion-social-gobierno-de-guanajuato","tag-diego-sinhue-rodriguez","tag-el-guanajuatense-vip","tag-en-vivo","tag-guanajuato-gobierno-del-estado","tag-pan-guanajuato","tag-presidencia-municipal-de-salamanca","tag-redes-sociales","tag-secretaria-de-cultura","tag-secretaria-de-economia","tag-secretaria-de-educacion-publica","tag-secretaria-del-medio-ambiente","tag-secretaria-del-trabajo-y-prevision-social","tag-ultima-hora","tag-ultimas-noticias","tag-ultimo-minuto"],"_links":{"self":[{"href":"https:\/\/elguanajuatense.vip\/index.php?rest_route=\/wp\/v2\/posts\/5494","targetHints":{"allow":["GET"]}}],"collection":[{"href":"https:\/\/elguanajuatense.vip\/index.php?rest_route=\/wp\/v2\/posts"}],"about":[{"href":"https:\/\/elguanajuatense.vip\/index.php?rest_route=\/wp\/v2\/types\/post"}],"author":[{"embeddable":true,"href":"https:\/\/elguanajuatense.vip\/index.php?rest_route=\/wp\/v2\/users\/7"}],"replies":[{"embeddable":true,"href":"https:\/\/elguanajuatense.vip\/index.php?rest_route=%2Fwp%2Fv2%2Fcomments&post=5494"}],"version-history":[{"count":3,"href":"https:\/\/elguanajuatense.vip\/index.php?rest_route=\/wp\/v2\/posts\/5494\/revisions"}],"predecessor-version":[{"id":5498,"href":"https:\/\/elguanajuatense.vip\/index.php?rest_route=\/wp\/v2\/posts\/5494\/revisions\/5498"}],"wp:featuredmedia":[{"embeddable":true,"href":"https:\/\/elguanajuatense.vip\/index.php?rest_route=\/wp\/v2\/media\/5495"}],"wp:attachment":[{"href":"https:\/\/elguanajuatense.vip\/index.php?rest_route=%2Fwp%2Fv2%2Fmedia&parent=5494"}],"wp:term":[{"taxonomy":"category","embeddable":true,"href":"https:\/\/elguanajuatense.vip\/index.php?rest_route=%2Fwp%2Fv2%2Fcategories&post=5494"},{"taxonomy":"post_tag","embeddable":true,"href":"https:\/\/elguanajuatense.vip\/index.php?rest_route=%2Fwp%2Fv2%2Ftags&post=5494"}],"curies":[{"name":"wp","href":"https:\/\/api.w.org\/{rel}","templated":true}]}}