{"id":5596,"date":"2023-03-02T15:45:57","date_gmt":"2023-03-02T21:45:57","guid":{"rendered":"http:\/\/elguanajuatense.vip\/?p=5596"},"modified":"2023-03-02T15:45:58","modified_gmt":"2023-03-02T21:45:58","slug":"municipio-de-irapuato-mantiene-coordinacion-en-materia-de-seguridad-lorenaalfarog-irapuatogob","status":"publish","type":"post","link":"https:\/\/elguanajuatense.vip\/?p=5596","title":{"rendered":"Municipio de Irapuato mantiene coordinaci\u00f3n en materia de seguridad \/ @LorenaAlfaroG @irapuatogob  >>>"},"content":{"rendered":"\n<p><strong>#Irapuato, #Gto.- <\/strong>En busca de reforzar los trabajos en materia de seguridad en el municipio para beneficio de las y los irapuatenses, autoridades municipales y estatales de las corporaciones sostuvieron una reuni\u00f3n de trabajo, previo al inicio de la Feria de las Fresas.<\/p>\n\n\n\n<p>El secretario de Seguridad Ciudadana de Irapuato, Ricardo Benavides Hern\u00e1ndez se reuni\u00f3 con el secretario de Seguridad P\u00fablica del Estado de Guanajuato, Alvar Cabeza de Vaca Apendinni, en el que refrend\u00f3 el trabajo de coordinaci\u00f3n que se mantiene en la ciudad con los tres \u00f3rdenes de gobierno en materia de seguridad.<\/p>\n\n\n\n<p>\u201cContinuamos trabajando por Irapuato. Esta reuni\u00f3n con el secretario Alvar Cabeza de Vaca nos permite refrendar el trabajo coordinado que venimos haciendo, el cual se reforzar\u00e1 y se mantendr\u00e1 entre ambas instituciones, para beneficio de las familias irapuatenses\u201d, destac\u00f3.<\/p>\n\n\n\n<p>A la par de los dispositivos de vigilancia durante la m\u00e1xima fiesta de la ciudad, la Secretar\u00eda de Seguridad Ciudadana, en conjunto con personal de Guardia Nacional, de la Secretar\u00eda de la Defensa Nacional (Sedena) y la Secretar\u00eda de Seguridad P\u00fablica del Estado, vigilar\u00e1n colonias y comunidades del municipio con el objetivo de mantener el orden y entornos de paz para todas y todos.<\/p>\n\n\n\n<p>Los titulares de ambas Secretar\u00edas, acordaron reforzar los trabajos en materia de Prevenci\u00f3n Social de la Violencia y la Delincuencia, a trav\u00e9s de la Direcci\u00f3n de Proximidad Ciudadana con acciones en diversas zonas del municipio y diversos sectores sociales.<\/p>\n\n\n\n<p><strong>#ElGuanajuatenseVIP &#8211; <\/strong><a href=\"https:\/\/www.facebook.com\/ElGuanajuatenseVIP\/\">El Guanajuatense VIP<\/a><\/p>\n","protected":false},"excerpt":{"rendered":"<p>#Irapuato, #Gto.- En busca de reforzar los trabajos en materia de seguridad en el municipio para beneficio de las y<\/p>\n","protected":false},"author":7,"featured_media":5597,"comment_status":"open","ping_status":"open","sticky":false,"template":"","format":"standard","meta":{"colormag_page_container_layout":"default_layout","colormag_page_sidebar_layout":"default_layout","rop_custom_images_group":[],"rop_custom_messages_group":[],"rop_publish_now":"initial","rop_publish_now_accounts":{"facebook_100397929117741_105998571690021":""},"rop_publish_now_history":[],"rop_publish_now_status":"pending","footnotes":""},"categories":[28],"tags":[37,31,45,42,59,30,57,33,38,164,157,156,165,158,39,40,41],"class_list":["post-5596","post","type-post","status-publish","format-standard","has-post-thumbnail","hentry","category-alcaldesas","tag-comunicacion-social-gobierno-de-guanajuato","tag-diego-sinhue-rodriguez","tag-el-guanajuatense-vip","tag-en-vivo","tag-gobierno-de-irapuato","tag-guanajuato-gobierno-del-estado","tag-lorena-alfaro-garcia","tag-pan-guanajuato","tag-redes-sociales","tag-secretaria-de-cultura","tag-secretaria-de-economia","tag-secretaria-de-educacion-publica","tag-secretaria-del-medio-ambiente","tag-secretaria-del-trabajo-y-prevision-social","tag-ultima-hora","tag-ultimas-noticias","tag-ultimo-minuto"],"_links":{"self":[{"href":"https:\/\/elguanajuatense.vip\/index.php?rest_route=\/wp\/v2\/posts\/5596","targetHints":{"allow":["GET"]}}],"collection":[{"href":"https:\/\/elguanajuatense.vip\/index.php?rest_route=\/wp\/v2\/posts"}],"about":[{"href":"https:\/\/elguanajuatense.vip\/index.php?rest_route=\/wp\/v2\/types\/post"}],"author":[{"embeddable":true,"href":"https:\/\/elguanajuatense.vip\/index.php?rest_route=\/wp\/v2\/users\/7"}],"replies":[{"embeddable":true,"href":"https:\/\/elguanajuatense.vip\/index.php?rest_route=%2Fwp%2Fv2%2Fcomments&post=5596"}],"version-history":[{"count":2,"href":"https:\/\/elguanajuatense.vip\/index.php?rest_route=\/wp\/v2\/posts\/5596\/revisions"}],"predecessor-version":[{"id":5599,"href":"https:\/\/elguanajuatense.vip\/index.php?rest_route=\/wp\/v2\/posts\/5596\/revisions\/5599"}],"wp:featuredmedia":[{"embeddable":true,"href":"https:\/\/elguanajuatense.vip\/index.php?rest_route=\/wp\/v2\/media\/5597"}],"wp:attachment":[{"href":"https:\/\/elguanajuatense.vip\/index.php?rest_route=%2Fwp%2Fv2%2Fmedia&parent=5596"}],"wp:term":[{"taxonomy":"category","embeddable":true,"href":"https:\/\/elguanajuatense.vip\/index.php?rest_route=%2Fwp%2Fv2%2Fcategories&post=5596"},{"taxonomy":"post_tag","embeddable":true,"href":"https:\/\/elguanajuatense.vip\/index.php?rest_route=%2Fwp%2Fv2%2Ftags&post=5596"}],"curies":[{"name":"wp","href":"https:\/\/api.w.org\/{rel}","templated":true}]}}