{"id":5663,"date":"2023-03-09T09:39:40","date_gmt":"2023-03-09T15:39:40","guid":{"rendered":"http:\/\/elguanajuatense.vip\/?p=5663"},"modified":"2023-03-09T09:39:42","modified_gmt":"2023-03-09T15:39:42","slug":"gobierno-municipal-de-irapuato-impulsara-desarrollo-urbano-lorenaalfarog-irapuatogob","status":"publish","type":"post","link":"https:\/\/elguanajuatense.vip\/?p=5663","title":{"rendered":"Gobierno municipal de Irapuato impulsar\u00e1 desarrollo urbano \/ @LorenaAlfaroG @irapuatogob >>>"},"content":{"rendered":"\n<p><strong>#Irapuato, #Gto.- <\/strong>Para implementar acciones de obra p\u00fablica que permitan incrementar el bienestar social de las familias irapuatenses, el Gobierno Municipal llev\u00f3 a cabo la subasta p\u00fablica a la inversa para la contrataci\u00f3n de un cr\u00e9dito simple por un monto de $184,038,148.11.<\/p>\n\n\n\n<p>En la subasta p\u00fablica a la inversa, participaron diferentes instituciones bancarias, siendo BBVA M\u00e9xico, quien gan\u00f3 la subasta al ofrecer las mejores condiciones para el pago del este cr\u00e9dito que impulsar\u00e1 el desarrollo urbano de la zona surponiente del Municipio.<\/p>\n\n\n\n<p>Miguel \u00c1ngel Fonseca Guti\u00e9rrez, Tesorero Municipal, explic\u00f3 que BBVA M\u00e9xico, ofert\u00f3 los m\u00e1s de 184 millones de pesos con una Tasa de Inter\u00e9s Interbancaria de Equilibrio (TIIE) a 28 d\u00edas, una sobre tasa del 0.70 puntos base, a un plazo de 10 a\u00f1os, sin gastos adicionales y una tasa efectiva del 12.5821%.<\/p>\n\n\n\n<p>\u201cLa oferta que present\u00f3 las mejores condiciones del mercado al resultar con la mejor tasa efectiva, es la propuesta de la instituci\u00f3n financiera BBVA M\u00e9xico, S.A, Instituci\u00f3n de Banca M\u00faltiple Grupo Financiero BBVA M\u00e9xico, por lo que se declar\u00f3 como la oferta ganadora\u201d, mencion\u00f3.<\/p>\n\n\n\n<p>Con este proyecto se beneficiar\u00eda de manera directa a 90 mil habitantes de cerca de 70 fraccionamientos y colonias con la construcci\u00f3n de la av. Gabriel Garc\u00eda M\u00e1rquez en su tramo de la av. Gerardo Murillo a calle Girasol (Agricultores) y la construcci\u00f3n de la av. Independencia en el tramo de la av. Las \u00c1guilas a la calle Denia (cuerpo norte).<\/p>\n\n\n\n<p>Adem\u00e1s, se beneficiar\u00e1 de manera indirecta a m\u00e1s de 290 mil personas, es decir, casi la mitad de la poblaci\u00f3n irapuatense. Estas obras se sumar\u00e1n a la red vial y circuitos de la zona surponiente, como lo son el bulevar Mariano J. Garc\u00eda, av. Mariano Abasolo, av. Independencia, av. Las \u00c1guilas y calles como Gerardo Murillo, Guanajuato y Clavel, por las que actualmente circulan 176 mil 607 veh\u00edculos y, en una d\u00e9cada, el tr\u00e1fico de la zona ascender\u00e1 a m\u00e1s de 267 mil veh\u00edculos.<\/p>\n\n\n\n<p><strong>#ElGuanajuatenseVIP &#8211; <\/strong><a href=\"https:\/\/www.facebook.com\/ElGuanajuatenseVIP\/\">El Guanajuatense VIP<\/a><\/p>\n","protected":false},"excerpt":{"rendered":"<p>#Irapuato, #Gto.- Para implementar acciones de obra p\u00fablica que permitan incrementar el bienestar social de las familias irapuatenses, el Gobierno<\/p>\n","protected":false},"author":7,"featured_media":5664,"comment_status":"open","ping_status":"open","sticky":false,"template":"","format":"standard","meta":{"colormag_page_container_layout":"default_layout","colormag_page_sidebar_layout":"default_layout","rop_custom_images_group":[],"rop_custom_messages_group":[],"rop_publish_now":"initial","rop_publish_now_accounts":{"facebook_100397929117741_105998571690021":""},"rop_publish_now_history":[],"rop_publish_now_status":"pending","footnotes":""},"categories":[28],"tags":[37,31,45,42,59,30,58,57,33,38,164,157,156,165,158,39,40,41],"class_list":["post-5663","post","type-post","status-publish","format-standard","has-post-thumbnail","hentry","category-alcaldesas","tag-comunicacion-social-gobierno-de-guanajuato","tag-diego-sinhue-rodriguez","tag-el-guanajuatense-vip","tag-en-vivo","tag-gobierno-de-irapuato","tag-guanajuato-gobierno-del-estado","tag-irapuato","tag-lorena-alfaro-garcia","tag-pan-guanajuato","tag-redes-sociales","tag-secretaria-de-cultura","tag-secretaria-de-economia","tag-secretaria-de-educacion-publica","tag-secretaria-del-medio-ambiente","tag-secretaria-del-trabajo-y-prevision-social","tag-ultima-hora","tag-ultimas-noticias","tag-ultimo-minuto"],"_links":{"self":[{"href":"https:\/\/elguanajuatense.vip\/index.php?rest_route=\/wp\/v2\/posts\/5663","targetHints":{"allow":["GET"]}}],"collection":[{"href":"https:\/\/elguanajuatense.vip\/index.php?rest_route=\/wp\/v2\/posts"}],"about":[{"href":"https:\/\/elguanajuatense.vip\/index.php?rest_route=\/wp\/v2\/types\/post"}],"author":[{"embeddable":true,"href":"https:\/\/elguanajuatense.vip\/index.php?rest_route=\/wp\/v2\/users\/7"}],"replies":[{"embeddable":true,"href":"https:\/\/elguanajuatense.vip\/index.php?rest_route=%2Fwp%2Fv2%2Fcomments&post=5663"}],"version-history":[{"count":1,"href":"https:\/\/elguanajuatense.vip\/index.php?rest_route=\/wp\/v2\/posts\/5663\/revisions"}],"predecessor-version":[{"id":5665,"href":"https:\/\/elguanajuatense.vip\/index.php?rest_route=\/wp\/v2\/posts\/5663\/revisions\/5665"}],"wp:featuredmedia":[{"embeddable":true,"href":"https:\/\/elguanajuatense.vip\/index.php?rest_route=\/wp\/v2\/media\/5664"}],"wp:attachment":[{"href":"https:\/\/elguanajuatense.vip\/index.php?rest_route=%2Fwp%2Fv2%2Fmedia&parent=5663"}],"wp:term":[{"taxonomy":"category","embeddable":true,"href":"https:\/\/elguanajuatense.vip\/index.php?rest_route=%2Fwp%2Fv2%2Fcategories&post=5663"},{"taxonomy":"post_tag","embeddable":true,"href":"https:\/\/elguanajuatense.vip\/index.php?rest_route=%2Fwp%2Fv2%2Ftags&post=5663"}],"curies":[{"name":"wp","href":"https:\/\/api.w.org\/{rel}","templated":true}]}}