{"id":5921,"date":"2023-04-06T15:39:44","date_gmt":"2023-04-06T20:39:44","guid":{"rendered":"http:\/\/elguanajuatense.vip\/?p=5921"},"modified":"2023-04-06T15:39:46","modified_gmt":"2023-04-06T20:39:46","slug":"entrego-alcalde-de-celaya-rehabilitacion-de-la-cancha-de-usos-multiples-del-barrio-de-la-resurreccion-jmendozamarquez-municipiocelaya","status":"publish","type":"post","link":"https:\/\/elguanajuatense.vip\/?p=5921","title":{"rendered":"Entreg\u00f3 alcalde de Celaya rehabilitaci\u00f3n de la cancha de usos m\u00faltiples del Barrio de la Resurrecci\u00f3n \/ @jmendozamarquez @municipiocelaya >>>"},"content":{"rendered":"\n<p><strong>#Celaya, #Gto.-<\/strong> \u201cCelaya Ponte Bonita\u201d sigue llegando a m\u00e1s espacios p\u00fablicos , en esta ocasi\u00f3n el presidente municipal de Celaya, Javier Mendoza M\u00e1rquez, entreg\u00f3 la rehabilitaci\u00f3n de la cancha de usos m\u00faltiples del Barrio de la Resurrecci\u00f3n.<\/p>\n\n\n\n<p>\u00abSeguimos trabajando para que nuestra gente tenga lugares dignos en donde recrearse, ejercitarse, pasar momentos agradables en familia y lo m\u00e1s importante, que se apropien de ellos, los cuiden y los disfruten\u00bb coment\u00f3 el alcalde.<\/p>\n\n\n\n<figure class=\"wp-block-image aligncenter size-medium is-resized\"><img loading=\"lazy\" decoding=\"async\" src=\"http:\/\/elguanajuatense.vip\/wp-content\/uploads\/2023\/04\/tex-celaya-300x225.jpg\" alt=\"\" class=\"wp-image-5922\" width=\"425\" height=\"319\" srcset=\"https:\/\/elguanajuatense.vip\/wp-content\/uploads\/2023\/04\/tex-celaya-300x225.jpg 300w, https:\/\/elguanajuatense.vip\/wp-content\/uploads\/2023\/04\/tex-celaya-768x576.jpg 768w, https:\/\/elguanajuatense.vip\/wp-content\/uploads\/2023\/04\/tex-celaya-600x450.jpg 600w, https:\/\/elguanajuatense.vip\/wp-content\/uploads\/2023\/04\/tex-celaya.jpg 908w\" sizes=\"auto, (max-width: 425px) 100vw, 425px\" \/><\/figure>\n\n\n\n<p><strong>#ElGuanajuatenseVIP &#8211; <\/strong><a href=\"https:\/\/www.facebook.com\/ElGuanajuatenseVIP\/\">El Guanajuatense VIP<\/a><\/p>\n","protected":false},"excerpt":{"rendered":"<p>#Celaya, #Gto.- \u201cCelaya Ponte Bonita\u201d sigue llegando a m\u00e1s espacios p\u00fablicos , en esta ocasi\u00f3n el presidente municipal de Celaya,<\/p>\n","protected":false},"author":7,"featured_media":5923,"comment_status":"open","ping_status":"open","sticky":false,"template":"","format":"standard","meta":{"colormag_page_container_layout":"default_layout","colormag_page_sidebar_layout":"default_layout","rop_custom_images_group":[],"rop_custom_messages_group":[],"rop_publish_now":"initial","rop_publish_now_accounts":{"facebook_100397929117741_105998571690021":""},"rop_publish_now_history":[],"rop_publish_now_status":"pending","footnotes":""},"categories":[27],"tags":[62,37,45,42,30,105,33,38,164,156,158,39,40,41],"class_list":["post-5921","post","type-post","status-publish","format-standard","has-post-thumbnail","hentry","category-municipios-destacados","tag-celaya","tag-comunicacion-social-gobierno-de-guanajuato","tag-el-guanajuatense-vip","tag-en-vivo","tag-guanajuato-gobierno-del-estado","tag-javier-mendoza-marquez","tag-pan-guanajuato","tag-redes-sociales","tag-secretaria-de-cultura","tag-secretaria-de-educacion-publica","tag-secretaria-del-trabajo-y-prevision-social","tag-ultima-hora","tag-ultimas-noticias","tag-ultimo-minuto"],"_links":{"self":[{"href":"https:\/\/elguanajuatense.vip\/index.php?rest_route=\/wp\/v2\/posts\/5921","targetHints":{"allow":["GET"]}}],"collection":[{"href":"https:\/\/elguanajuatense.vip\/index.php?rest_route=\/wp\/v2\/posts"}],"about":[{"href":"https:\/\/elguanajuatense.vip\/index.php?rest_route=\/wp\/v2\/types\/post"}],"author":[{"embeddable":true,"href":"https:\/\/elguanajuatense.vip\/index.php?rest_route=\/wp\/v2\/users\/7"}],"replies":[{"embeddable":true,"href":"https:\/\/elguanajuatense.vip\/index.php?rest_route=%2Fwp%2Fv2%2Fcomments&post=5921"}],"version-history":[{"count":1,"href":"https:\/\/elguanajuatense.vip\/index.php?rest_route=\/wp\/v2\/posts\/5921\/revisions"}],"predecessor-version":[{"id":5924,"href":"https:\/\/elguanajuatense.vip\/index.php?rest_route=\/wp\/v2\/posts\/5921\/revisions\/5924"}],"wp:featuredmedia":[{"embeddable":true,"href":"https:\/\/elguanajuatense.vip\/index.php?rest_route=\/wp\/v2\/media\/5923"}],"wp:attachment":[{"href":"https:\/\/elguanajuatense.vip\/index.php?rest_route=%2Fwp%2Fv2%2Fmedia&parent=5921"}],"wp:term":[{"taxonomy":"category","embeddable":true,"href":"https:\/\/elguanajuatense.vip\/index.php?rest_route=%2Fwp%2Fv2%2Fcategories&post=5921"},{"taxonomy":"post_tag","embeddable":true,"href":"https:\/\/elguanajuatense.vip\/index.php?rest_route=%2Fwp%2Fv2%2Ftags&post=5921"}],"curies":[{"name":"wp","href":"https:\/\/api.w.org\/{rel}","templated":true}]}}