{"id":6252,"date":"2023-05-18T12:09:50","date_gmt":"2023-05-18T18:09:50","guid":{"rendered":"http:\/\/elguanajuatense.vip\/?p=6252"},"modified":"2023-05-18T12:09:52","modified_gmt":"2023-05-18T18:09:52","slug":"avanzan-trabajos-de-reparacion-en-la-plaza-de-las-ranas-en-guanajuato-capital-anavarromx-guanajuatogob","status":"publish","type":"post","link":"https:\/\/elguanajuatense.vip\/?p=6252","title":{"rendered":"Avanzan trabajos de reparaci\u00f3n en la Plaza de las Ranas en Guanajuato Capital \/ @ANavarroMX @GuanajuatoGob >>>"},"content":{"rendered":"\n<p><strong>#Guanajuato, #Gto.-<\/strong> Personal del \u00e1rea de Mantenimiento de la Direcci\u00f3n General de Obra P\u00fablica realiza trabajos de reparaci\u00f3n, conservaci\u00f3n y embellecimiento en la plaza Miguel Hidalgo, tambi\u00e9n conocida como de las Ranas.<\/p>\n\n\n\n<p>El presidente municipal de Guanajuato, Alejandro Navarro, dijo que a los trabajos tambi\u00e9n se sum\u00f3 personal del Sistema Municipal de Agua Potable y Alcantarillado de Guanajuato (SIMAPAG) y adelant\u00f3 que se tiene programado concluirlos el viernes.<\/p>\n\n\n\n<p>\u201cEstamos haciendo trabajos para lograr que la plaza luzca bien bonita\u201d, dijo el Alcalde, al explicar que se estar\u00e1n reemplazando la piedra bola de colores blanco y azul en las ranas sedentes que le dan nombre a la plaza, adem\u00e1s de restituir losetas y rellenar y recubrir un socav\u00f3n en el costado que colinda con el callej\u00f3n Libertad.<\/p>\n\n\n\n<p>Adem\u00e1s, se est\u00e1n llevando a cabo acciones complementarias como la plantaci\u00f3n de flores en la zona de Los Pastitos, donde el personal de Parques y Jardines de la Direcci\u00f3n General de Servicios P\u00fablicos realiza trabajos de limpieza, poda y riego de manera permanente.<\/p>\n\n\n\n<p><strong>#ElGuanajuatenseVIP &#8211; <\/strong><a href=\"https:\/\/www.facebook.com\/ElGuanajuatenseVIP\/\">El Guanajuatense VIP<\/a><\/p>\n","protected":false},"excerpt":{"rendered":"<p>#Guanajuato, #Gto.- Personal del \u00e1rea de Mantenimiento de la Direcci\u00f3n General de Obra P\u00fablica realiza trabajos de reparaci\u00f3n, conservaci\u00f3n y<\/p>\n","protected":false},"author":7,"featured_media":6253,"comment_status":"open","ping_status":"open","sticky":false,"template":"","format":"standard","meta":{"colormag_page_container_layout":"default_layout","colormag_page_sidebar_layout":"default_layout","rop_custom_images_group":[],"rop_custom_messages_group":[],"rop_publish_now":"initial","rop_publish_now_accounts":{"facebook_100397929117741_105998571690021":""},"rop_publish_now_history":[],"rop_publish_now_status":"pending","footnotes":""},"categories":[27],"tags":[84,37,31,45,42,83,30,33,38,164,157,156,158,39,40,41],"class_list":["post-6252","post","type-post","status-publish","format-standard","has-post-thumbnail","hentry","category-municipios-destacados","tag-alejandro-navarro-saldana","tag-comunicacion-social-gobierno-de-guanajuato","tag-diego-sinhue-rodriguez","tag-el-guanajuatense-vip","tag-en-vivo","tag-gobierno-municipal-de-guanajuato","tag-guanajuato-gobierno-del-estado","tag-pan-guanajuato","tag-redes-sociales","tag-secretaria-de-cultura","tag-secretaria-de-economia","tag-secretaria-de-educacion-publica","tag-secretaria-del-trabajo-y-prevision-social","tag-ultima-hora","tag-ultimas-noticias","tag-ultimo-minuto"],"_links":{"self":[{"href":"https:\/\/elguanajuatense.vip\/index.php?rest_route=\/wp\/v2\/posts\/6252","targetHints":{"allow":["GET"]}}],"collection":[{"href":"https:\/\/elguanajuatense.vip\/index.php?rest_route=\/wp\/v2\/posts"}],"about":[{"href":"https:\/\/elguanajuatense.vip\/index.php?rest_route=\/wp\/v2\/types\/post"}],"author":[{"embeddable":true,"href":"https:\/\/elguanajuatense.vip\/index.php?rest_route=\/wp\/v2\/users\/7"}],"replies":[{"embeddable":true,"href":"https:\/\/elguanajuatense.vip\/index.php?rest_route=%2Fwp%2Fv2%2Fcomments&post=6252"}],"version-history":[{"count":1,"href":"https:\/\/elguanajuatense.vip\/index.php?rest_route=\/wp\/v2\/posts\/6252\/revisions"}],"predecessor-version":[{"id":6254,"href":"https:\/\/elguanajuatense.vip\/index.php?rest_route=\/wp\/v2\/posts\/6252\/revisions\/6254"}],"wp:featuredmedia":[{"embeddable":true,"href":"https:\/\/elguanajuatense.vip\/index.php?rest_route=\/wp\/v2\/media\/6253"}],"wp:attachment":[{"href":"https:\/\/elguanajuatense.vip\/index.php?rest_route=%2Fwp%2Fv2%2Fmedia&parent=6252"}],"wp:term":[{"taxonomy":"category","embeddable":true,"href":"https:\/\/elguanajuatense.vip\/index.php?rest_route=%2Fwp%2Fv2%2Fcategories&post=6252"},{"taxonomy":"post_tag","embeddable":true,"href":"https:\/\/elguanajuatense.vip\/index.php?rest_route=%2Fwp%2Fv2%2Ftags&post=6252"}],"curies":[{"name":"wp","href":"https:\/\/api.w.org\/{rel}","templated":true}]}}