{"id":6368,"date":"2023-05-30T13:53:20","date_gmt":"2023-05-30T19:53:20","guid":{"rendered":"http:\/\/elguanajuatense.vip\/?p=6368"},"modified":"2023-05-30T13:53:22","modified_gmt":"2023-05-30T19:53:22","slug":"reconocio-municipio-de-silao-a-los-maestros-con-un-gran-festejo-carlitosgarciav-silaomunicipio","status":"publish","type":"post","link":"https:\/\/elguanajuatense.vip\/?p=6368","title":{"rendered":"Reconoci\u00f3 municipio de Silao a los maestros con un gran festejo \/ @carlitosgarciav @SilaoMunicipio >>>"},"content":{"rendered":"\n<p><strong>#Silao, #Gto.- <\/strong>El Gobierno Municipal de Silao de la Victoria a trav\u00e9s de la Direcci\u00f3n de Educaci\u00f3n y Cultura reconoci\u00f3 a los maestros silaoenses con un gran festejo al que asistieron m\u00e1s de 3 mil docentes, reafirmando la importante alianza que existe entre el magisterio y el municipio.<\/p>\n\n\n\n<figure class=\"wp-block-image aligncenter size-large is-resized\"><img loading=\"lazy\" decoding=\"async\" src=\"http:\/\/elguanajuatense.vip\/wp-content\/uploads\/2023\/05\/silao-tex-3-1024x845.jpg\" alt=\"\" class=\"wp-image-6369\" width=\"444\" height=\"366\" srcset=\"https:\/\/elguanajuatense.vip\/wp-content\/uploads\/2023\/05\/silao-tex-3-1024x845.jpg 1024w, https:\/\/elguanajuatense.vip\/wp-content\/uploads\/2023\/05\/silao-tex-3-300x248.jpg 300w, https:\/\/elguanajuatense.vip\/wp-content\/uploads\/2023\/05\/silao-tex-3-768x634.jpg 768w, https:\/\/elguanajuatense.vip\/wp-content\/uploads\/2023\/05\/silao-tex-3-1536x1267.jpg 1536w, https:\/\/elguanajuatense.vip\/wp-content\/uploads\/2023\/05\/silao-tex-3-600x495.jpg 600w, https:\/\/elguanajuatense.vip\/wp-content\/uploads\/2023\/05\/silao-tex-3.jpg 1600w\" sizes=\"auto, (max-width: 444px) 100vw, 444px\" \/><\/figure>\n\n\n\n<p><strong>#ElGuanajuatenseVIP &#8211; <\/strong><a href=\"https:\/\/www.facebook.com\/ElGuanajuatenseVIP\/\">El Guanajuatense VIP<\/a><\/p>\n","protected":false},"excerpt":{"rendered":"<p>#Silao, #Gto.- El Gobierno Municipal de Silao de la Victoria a trav\u00e9s de la Direcci\u00f3n de Educaci\u00f3n y Cultura reconoci\u00f3<\/p>\n","protected":false},"author":7,"featured_media":6370,"comment_status":"open","ping_status":"open","sticky":false,"template":"","format":"standard","meta":{"colormag_page_container_layout":"default_layout","colormag_page_sidebar_layout":"default_layout","rop_custom_images_group":[],"rop_custom_messages_group":[],"rop_publish_now":"initial","rop_publish_now_accounts":{"facebook_100397929117741_105998571690021":""},"rop_publish_now_history":[],"rop_publish_now_status":"pending","footnotes":""},"categories":[26],"tags":[89,37,45,42,30,33,38,164,157,156,158,88,39,40,41],"class_list":["post-6368","post","type-post","status-publish","format-standard","has-post-thumbnail","hentry","category-municipios","tag-carlos-garcia-villasenor","tag-comunicacion-social-gobierno-de-guanajuato","tag-el-guanajuatense-vip","tag-en-vivo","tag-guanajuato-gobierno-del-estado","tag-pan-guanajuato","tag-redes-sociales","tag-secretaria-de-cultura","tag-secretaria-de-economia","tag-secretaria-de-educacion-publica","tag-secretaria-del-trabajo-y-prevision-social","tag-silao-municipio","tag-ultima-hora","tag-ultimas-noticias","tag-ultimo-minuto"],"_links":{"self":[{"href":"https:\/\/elguanajuatense.vip\/index.php?rest_route=\/wp\/v2\/posts\/6368","targetHints":{"allow":["GET"]}}],"collection":[{"href":"https:\/\/elguanajuatense.vip\/index.php?rest_route=\/wp\/v2\/posts"}],"about":[{"href":"https:\/\/elguanajuatense.vip\/index.php?rest_route=\/wp\/v2\/types\/post"}],"author":[{"embeddable":true,"href":"https:\/\/elguanajuatense.vip\/index.php?rest_route=\/wp\/v2\/users\/7"}],"replies":[{"embeddable":true,"href":"https:\/\/elguanajuatense.vip\/index.php?rest_route=%2Fwp%2Fv2%2Fcomments&post=6368"}],"version-history":[{"count":1,"href":"https:\/\/elguanajuatense.vip\/index.php?rest_route=\/wp\/v2\/posts\/6368\/revisions"}],"predecessor-version":[{"id":6371,"href":"https:\/\/elguanajuatense.vip\/index.php?rest_route=\/wp\/v2\/posts\/6368\/revisions\/6371"}],"wp:featuredmedia":[{"embeddable":true,"href":"https:\/\/elguanajuatense.vip\/index.php?rest_route=\/wp\/v2\/media\/6370"}],"wp:attachment":[{"href":"https:\/\/elguanajuatense.vip\/index.php?rest_route=%2Fwp%2Fv2%2Fmedia&parent=6368"}],"wp:term":[{"taxonomy":"category","embeddable":true,"href":"https:\/\/elguanajuatense.vip\/index.php?rest_route=%2Fwp%2Fv2%2Fcategories&post=6368"},{"taxonomy":"post_tag","embeddable":true,"href":"https:\/\/elguanajuatense.vip\/index.php?rest_route=%2Fwp%2Fv2%2Ftags&post=6368"}],"curies":[{"name":"wp","href":"https:\/\/api.w.org\/{rel}","templated":true}]}}