{"id":6383,"date":"2023-06-06T12:25:28","date_gmt":"2023-06-06T18:25:28","guid":{"rendered":"http:\/\/elguanajuatense.vip\/?p=6383"},"modified":"2023-06-06T12:25:30","modified_gmt":"2023-06-06T18:25:30","slug":"ofrece-administracion-municipal-de-san-miguel-de-allende-arboles-en-adopcion-mauriciotrejop-gobmunicipalsma","status":"publish","type":"post","link":"https:\/\/elguanajuatense.vip\/?p=6383","title":{"rendered":"Ofrece administraci\u00f3n municipal de San Miguel de Allende \u00e1rboles en adopci\u00f3n \/ @MauricioTrejoP @GobMunicipalSMA >>>"},"content":{"rendered":"\n<p id=\"viewer-amdis\"><strong>#SanMiguelDeAllende, #Gto.-<\/strong> Con el arranque de la campa\u00f1a \u00abAdopci\u00f3n de \u00c1rboles\u00bb, la Administraci\u00f3n Municipal sigue fortaleciendo el entorno natural del territorio sanmiguelense.<\/p>\n\n\n\n<p id=\"viewer-bkvlh\">En el marco del D\u00eda Mundial del Medio Ambiente, la Direcci\u00f3n de Medio Ambiente y Sustentabilidad empez\u00f3 esta campa\u00f1a de entrega de al menos 10,000 \u00e1rboles nativos, lo que abona a la pol\u00edtica ambiental del presidente Mauricio Trejo, en la que se busca sumar a la ciudadan\u00eda en el cuidado y preservaci\u00f3n de la naturaleza.<\/p>\n\n\n\n<p id=\"viewer-6cct5\">Recalcando que m\u00e1s que una campa\u00f1a de donaci\u00f3n de \u00e1rboles, es un esfuerzo municipal para que la gente, tanto ni\u00f1os como adultos, hagan conciencia y sean activos en el cuidado del medio ambiente.<\/p>\n\n\n\n<p id=\"viewer-dv17k\">\u00abTenemos 10 especies que son nativas, eso significa que, de manera natural, se distribuyen en el municipio de San Miguel, por lo que su mantenimiento es mucho m\u00e1s sencillo, sus requerimientos de agua no son importantes como otras especies y van a tener una ficha de cuidados, donde la ciudadan\u00eda puede saber cu\u00e1l es el uso ideal. Tambi\u00e9n nosotros tenemos una capacidad instalada de producci\u00f3n de plantas nativas, de 30,000 espec\u00edmenes al a\u00f1o, lo cual es importante, y todas las plantas que producimos en el Vivero Municipal son plantas de distribuci\u00f3n nativa en San Miguel\u00bb expres\u00f3 el subdirector de Medio Ambiente y Sustentabilidad, Julio Ledezma.<\/p>\n\n\n\n<p id=\"viewer-9tqsi\">Las especies disponibles son: pino pi\u00f1onero, guam\u00fachil, \u00e1lamo blanco, palo blanco, tronadora, fresno mexicano, tepehuaje, palo dulce, palo verde y ocotillo; todas tienen caracter\u00edsticas y crecimientos propios, por lo que las personas interesadas tendr\u00e1n asesor\u00edas especializadas por parte de funcionarios municipales, que les permitir\u00e1n conocer la adopci\u00f3n del \u00e1rbol id\u00f3neo, as\u00ed como su mejor cuidado para que crezca y cumpla su ciclo de vida con plenitud.<\/p>\n\n\n\n<p><strong>#ElGuanajuatenseVIP &#8211; <\/strong><a href=\"https:\/\/www.facebook.com\/ElGuanajuatenseVIP\/\">El Guanajuatense VIP<\/a><\/p>\n","protected":false},"excerpt":{"rendered":"<p>#SanMiguelDeAllende, #Gto.- Con el arranque de la campa\u00f1a \u00abAdopci\u00f3n de \u00c1rboles\u00bb, la Administraci\u00f3n Municipal sigue fortaleciendo el entorno natural del<\/p>\n","protected":false},"author":7,"featured_media":6384,"comment_status":"open","ping_status":"open","sticky":false,"template":"","format":"standard","meta":{"colormag_page_container_layout":"default_layout","colormag_page_sidebar_layout":"default_layout","rop_custom_images_group":[],"rop_custom_messages_group":[],"rop_publish_now":"initial","rop_publish_now_accounts":{"facebook_100397929117741_105998571690021":""},"rop_publish_now_history":[],"rop_publish_now_status":"pending","footnotes":""},"categories":[27],"tags":[37,31,45,42,30,67,33,38,66,157,156,158,39,40,41],"class_list":["post-6383","post","type-post","status-publish","format-standard","has-post-thumbnail","hentry","category-municipios-destacados","tag-comunicacion-social-gobierno-de-guanajuato","tag-diego-sinhue-rodriguez","tag-el-guanajuatense-vip","tag-en-vivo","tag-guanajuato-gobierno-del-estado","tag-mauricio-trejo-pureco","tag-pan-guanajuato","tag-redes-sociales","tag-san-miguel-de-allende","tag-secretaria-de-economia","tag-secretaria-de-educacion-publica","tag-secretaria-del-trabajo-y-prevision-social","tag-ultima-hora","tag-ultimas-noticias","tag-ultimo-minuto"],"_links":{"self":[{"href":"https:\/\/elguanajuatense.vip\/index.php?rest_route=\/wp\/v2\/posts\/6383","targetHints":{"allow":["GET"]}}],"collection":[{"href":"https:\/\/elguanajuatense.vip\/index.php?rest_route=\/wp\/v2\/posts"}],"about":[{"href":"https:\/\/elguanajuatense.vip\/index.php?rest_route=\/wp\/v2\/types\/post"}],"author":[{"embeddable":true,"href":"https:\/\/elguanajuatense.vip\/index.php?rest_route=\/wp\/v2\/users\/7"}],"replies":[{"embeddable":true,"href":"https:\/\/elguanajuatense.vip\/index.php?rest_route=%2Fwp%2Fv2%2Fcomments&post=6383"}],"version-history":[{"count":1,"href":"https:\/\/elguanajuatense.vip\/index.php?rest_route=\/wp\/v2\/posts\/6383\/revisions"}],"predecessor-version":[{"id":6385,"href":"https:\/\/elguanajuatense.vip\/index.php?rest_route=\/wp\/v2\/posts\/6383\/revisions\/6385"}],"wp:featuredmedia":[{"embeddable":true,"href":"https:\/\/elguanajuatense.vip\/index.php?rest_route=\/wp\/v2\/media\/6384"}],"wp:attachment":[{"href":"https:\/\/elguanajuatense.vip\/index.php?rest_route=%2Fwp%2Fv2%2Fmedia&parent=6383"}],"wp:term":[{"taxonomy":"category","embeddable":true,"href":"https:\/\/elguanajuatense.vip\/index.php?rest_route=%2Fwp%2Fv2%2Fcategories&post=6383"},{"taxonomy":"post_tag","embeddable":true,"href":"https:\/\/elguanajuatense.vip\/index.php?rest_route=%2Fwp%2Fv2%2Ftags&post=6383"}],"curies":[{"name":"wp","href":"https:\/\/api.w.org\/{rel}","templated":true}]}}