{"id":6505,"date":"2023-06-20T08:47:16","date_gmt":"2023-06-20T14:47:16","guid":{"rendered":"http:\/\/elguanajuatense.vip\/?p=6505"},"modified":"2023-06-20T08:48:43","modified_gmt":"2023-06-20T14:48:43","slug":"se-reunio-presidente-municipal-de-guanajuato-alejandro-navarro-con-ex-capitan-del-america-anavarromx-guanajuatogob","status":"publish","type":"post","link":"https:\/\/elguanajuatense.vip\/?p=6505","title":{"rendered":"Se reuni\u00f3 alcalde capitalino, Alejandro Navarro, con ex capit\u00e1n del Am\u00e9rica \/ @ANavarroMX @GuanajuatoGob >>>"},"content":{"rendered":"\n<p><strong>#Guanajuato, #Gto.-<\/strong> El alcalde capitalino, Alejandro Navarro, se reuni\u00f3 este martes con el ex capit\u00e1n del Am\u00e9rica y hoy entrenador del Inter de Quer\u00e9taro de la Liga Premier, Aquivaldo Mosquera, para revisar las condiciones del probable regreso de la Tercera Divisi\u00f3n Profesional (TDP) a Guanajuato Capital y reforzar la promoci\u00f3n del modelo preventivo Planet Youth con el apoyo del club queretano.<\/p>\n\n\n\n<p>Al ex jugador de la escuadra americanista de la primera divisi\u00f3n lo acompa\u00f1\u00f3 el presidente del Inter de Quer\u00e9taro FC, Apolonio Lozoya, quien agradeci\u00f3 el recibimiento de Navarro, promotor del deporte guanajuatense.<\/p>\n\n\n\n<p>\u201cBuscamos poner a Guanajuato en los reflectores del deporte nacional y hoy tuvimos un encuentro con Aquivaldo y Apolonio para gestionar el retorno de la Tercera Divisi\u00f3n Profesional despu\u00e9s de 24 a\u00f1os de no tenerla\u201d, inform\u00f3 el Presidente Municipal.<\/p>\n\n\n\n<p>Anunci\u00f3 que, independientemente de cu\u00e1les sean los avances de la gesti\u00f3n, se llevar\u00e1 a cabo un proceso de visor\u00eda bajo la batuta del mismo Mosquera, con el objetivo de detectar e impulsar nuevos talentos futbol\u00edsticos de Guanajuato.<\/p>\n\n\n\n<p><strong>#ElGuanajuatenseVIP &#8211; <\/strong><a href=\"https:\/\/www.facebook.com\/ElGuanajuatenseVIP\/\">El Guanajuatense VIP<\/a><\/p>\n","protected":false},"excerpt":{"rendered":"<p>#Guanajuato, #Gto.- El alcalde capitalino, Alejandro Navarro, se reuni\u00f3 este martes con el ex capit\u00e1n del Am\u00e9rica y hoy entrenador<\/p>\n","protected":false},"author":7,"featured_media":6506,"comment_status":"open","ping_status":"open","sticky":false,"template":"","format":"standard","meta":{"colormag_page_container_layout":"default_layout","colormag_page_sidebar_layout":"default_layout","rop_custom_images_group":[],"rop_custom_messages_group":[],"rop_publish_now":"initial","rop_publish_now_accounts":{"facebook_100397929117741_105998571690021":""},"rop_publish_now_history":[],"rop_publish_now_status":"pending","footnotes":""},"categories":[27],"tags":[84,37,31,45,42,83,30,33,38,157,156,158,39,40,41],"class_list":["post-6505","post","type-post","status-publish","format-standard","has-post-thumbnail","hentry","category-municipios-destacados","tag-alejandro-navarro-saldana","tag-comunicacion-social-gobierno-de-guanajuato","tag-diego-sinhue-rodriguez","tag-el-guanajuatense-vip","tag-en-vivo","tag-gobierno-municipal-de-guanajuato","tag-guanajuato-gobierno-del-estado","tag-pan-guanajuato","tag-redes-sociales","tag-secretaria-de-economia","tag-secretaria-de-educacion-publica","tag-secretaria-del-trabajo-y-prevision-social","tag-ultima-hora","tag-ultimas-noticias","tag-ultimo-minuto"],"_links":{"self":[{"href":"https:\/\/elguanajuatense.vip\/index.php?rest_route=\/wp\/v2\/posts\/6505","targetHints":{"allow":["GET"]}}],"collection":[{"href":"https:\/\/elguanajuatense.vip\/index.php?rest_route=\/wp\/v2\/posts"}],"about":[{"href":"https:\/\/elguanajuatense.vip\/index.php?rest_route=\/wp\/v2\/types\/post"}],"author":[{"embeddable":true,"href":"https:\/\/elguanajuatense.vip\/index.php?rest_route=\/wp\/v2\/users\/7"}],"replies":[{"embeddable":true,"href":"https:\/\/elguanajuatense.vip\/index.php?rest_route=%2Fwp%2Fv2%2Fcomments&post=6505"}],"version-history":[{"count":2,"href":"https:\/\/elguanajuatense.vip\/index.php?rest_route=\/wp\/v2\/posts\/6505\/revisions"}],"predecessor-version":[{"id":6509,"href":"https:\/\/elguanajuatense.vip\/index.php?rest_route=\/wp\/v2\/posts\/6505\/revisions\/6509"}],"wp:featuredmedia":[{"embeddable":true,"href":"https:\/\/elguanajuatense.vip\/index.php?rest_route=\/wp\/v2\/media\/6506"}],"wp:attachment":[{"href":"https:\/\/elguanajuatense.vip\/index.php?rest_route=%2Fwp%2Fv2%2Fmedia&parent=6505"}],"wp:term":[{"taxonomy":"category","embeddable":true,"href":"https:\/\/elguanajuatense.vip\/index.php?rest_route=%2Fwp%2Fv2%2Fcategories&post=6505"},{"taxonomy":"post_tag","embeddable":true,"href":"https:\/\/elguanajuatense.vip\/index.php?rest_route=%2Fwp%2Fv2%2Ftags&post=6505"}],"curies":[{"name":"wp","href":"https:\/\/api.w.org\/{rel}","templated":true}]}}