{"id":6532,"date":"2023-06-22T08:23:13","date_gmt":"2023-06-22T14:23:13","guid":{"rendered":"http:\/\/elguanajuatense.vip\/?p=6532"},"modified":"2023-06-22T08:24:19","modified_gmt":"2023-06-22T14:24:19","slug":"la-mayoria-de-los-mexicanos-apoya-la-cuarta-transformacion-afirma-presidente-andres-manuel-lopezobrador_-gobiernomx","status":"publish","type":"post","link":"https:\/\/elguanajuatense.vip\/?p=6532","title":{"rendered":"La mayor\u00eda de los mexicanos apoya la Cuarta Transformaci\u00f3n, afirma presidente Andr\u00e9s Manuel \/ @lopezobrador_ @GobiernoMX >>>"},"content":{"rendered":"\n<p><strong>#GobiernoDeM\u00e9xico.- <\/strong>Al encabezar la conferencia de prensa matutina, el presidente Andr\u00e9s Manuel L\u00f3pez Obrador destac\u00f3 que la mayor\u00eda en M\u00e9xico apoya la Cuarta Transformaci\u00f3n, movimiento dedicado a atender las necesidades del pueblo y desterrar la corrupci\u00f3n.<\/p>\n\n\n\n<p>\u201c\u00bfPor qu\u00e9 la mayor\u00eda de los mexicanos apoya la transformaci\u00f3n? Porque hicimos un compromiso con el pueblo de que su gobierno iba a atender a todos, iba a respetar a todos, pero se le iba a dar preferencia a los pobres, a los m\u00e1s necesitados y eso es lo que se ha venido logrando\u201d, enfatiz\u00f3.<\/p>\n\n\n\n<p>\u201cEs una transformaci\u00f3n como lo fue la Independencia, la Reforma, la Revoluci\u00f3n, con el distintivo de que lo estamos haciendo desde abajo, con todos y de manera pac\u00edfica, pero con mucha profundidad. Es un momento hist\u00f3rico\u201d, agreg\u00f3.<\/p>\n\n\n\n<p>Uno de los resultados m\u00e1s importantes de la implementaci\u00f3n de la pol\u00edtica de cero corrupci\u00f3n e impunidad, destac\u00f3, es la estabilidad econ\u00f3mica. Adem\u00e1s, las finanzas p\u00fablicas sanas contribuyen a apoyar a la poblaci\u00f3n que m\u00e1s lo necesita.<\/p>\n\n\n\n<p>\u201cPor eso tenemos una econom\u00eda s\u00f3lida, por eso hay empleos, hay oportunidades de trabajo; por eso ha aumentado el salario como no suced\u00eda en d\u00e9cadas, por eso ha habido progreso, se han beneficiado comerciantes, empresarios\u201d, apunt\u00f3.<\/p>\n\n\n\n<p>La federaci\u00f3n ejerce funciones con austeridad e impulsa acuerdos para generar ahorros, de modo que, en cuatro a\u00f1os y medio de administraci\u00f3n, pueden constatarse los esfuerzos de revertir el saqueo de 36 a\u00f1os de gobiernos neoliberales.<\/p>\n\n\n\n<p>\u201cEn el caso de los gasoductos, bajaron la tarifa. En el caso de los reclusorios nos ahorramos, nada m\u00e1s dos a\u00f1os, 10 mil millones de pesos. El caso de los mantenimientos de caminos, poco m\u00e1s de mil millones al a\u00f1o, que son los que estamos destinando para la construcci\u00f3n de los caminos en La Monta\u00f1a de Guerrero. Con la compra de medicinas, 40 mil millones de pesos nos ahorramos\u201d, destac\u00f3 el mandatario.<\/p>\n\n\n\n<p>El gobierno federal hace justicia a trabajadores del campo, ejidatarios y peque\u00f1os propietarios en casos de despojo de tierras y problemas agrarios.<\/p>\n\n\n\n<p><strong>#ElGuanajuatenseVIP &#8211; <\/strong><a href=\"https:\/\/www.facebook.com\/ElGuanajuatenseVIP\/\">El Guanajuatense VIP<\/a><\/p>\n\n\n\n<p><audio src=\"http:\/\/presidente.gob.mx\/wp-content\/uploads\/2023\/06\/Conferencia-matutina_2023-06-21.mp3\"><\/audio><\/p>\n","protected":false},"excerpt":{"rendered":"<p>#GobiernoDeM\u00e9xico.- Al encabezar la conferencia de prensa matutina, el presidente Andr\u00e9s Manuel L\u00f3pez Obrador destac\u00f3 que la mayor\u00eda en M\u00e9xico<\/p>\n","protected":false},"author":7,"featured_media":6533,"comment_status":"open","ping_status":"open","sticky":false,"template":"","format":"standard","meta":{"colormag_page_container_layout":"default_layout","colormag_page_sidebar_layout":"default_layout","rop_custom_images_group":[],"rop_custom_messages_group":[],"rop_publish_now":"initial","rop_publish_now_accounts":{"facebook_100397929117741_105998571690021":""},"rop_publish_now_history":[],"rop_publish_now_status":"pending","footnotes":""},"categories":[7],"tags":[48,37,31,45,42,47,30,33,38,157,158,39,40,41],"class_list":["post-6532","post","type-post","status-publish","format-standard","has-post-thumbnail","hentry","category-principales","tag-andres-manuel-lopez-obrador","tag-comunicacion-social-gobierno-de-guanajuato","tag-diego-sinhue-rodriguez","tag-el-guanajuatense-vip","tag-en-vivo","tag-gobierno-de-mexico","tag-guanajuato-gobierno-del-estado","tag-pan-guanajuato","tag-redes-sociales","tag-secretaria-de-economia","tag-secretaria-del-trabajo-y-prevision-social","tag-ultima-hora","tag-ultimas-noticias","tag-ultimo-minuto"],"_links":{"self":[{"href":"https:\/\/elguanajuatense.vip\/index.php?rest_route=\/wp\/v2\/posts\/6532","targetHints":{"allow":["GET"]}}],"collection":[{"href":"https:\/\/elguanajuatense.vip\/index.php?rest_route=\/wp\/v2\/posts"}],"about":[{"href":"https:\/\/elguanajuatense.vip\/index.php?rest_route=\/wp\/v2\/types\/post"}],"author":[{"embeddable":true,"href":"https:\/\/elguanajuatense.vip\/index.php?rest_route=\/wp\/v2\/users\/7"}],"replies":[{"embeddable":true,"href":"https:\/\/elguanajuatense.vip\/index.php?rest_route=%2Fwp%2Fv2%2Fcomments&post=6532"}],"version-history":[{"count":2,"href":"https:\/\/elguanajuatense.vip\/index.php?rest_route=\/wp\/v2\/posts\/6532\/revisions"}],"predecessor-version":[{"id":6535,"href":"https:\/\/elguanajuatense.vip\/index.php?rest_route=\/wp\/v2\/posts\/6532\/revisions\/6535"}],"wp:featuredmedia":[{"embeddable":true,"href":"https:\/\/elguanajuatense.vip\/index.php?rest_route=\/wp\/v2\/media\/6533"}],"wp:attachment":[{"href":"https:\/\/elguanajuatense.vip\/index.php?rest_route=%2Fwp%2Fv2%2Fmedia&parent=6532"}],"wp:term":[{"taxonomy":"category","embeddable":true,"href":"https:\/\/elguanajuatense.vip\/index.php?rest_route=%2Fwp%2Fv2%2Fcategories&post=6532"},{"taxonomy":"post_tag","embeddable":true,"href":"https:\/\/elguanajuatense.vip\/index.php?rest_route=%2Fwp%2Fv2%2Ftags&post=6532"}],"curies":[{"name":"wp","href":"https:\/\/api.w.org\/{rel}","templated":true}]}}