{"id":6536,"date":"2023-06-22T08:29:27","date_gmt":"2023-06-22T14:29:27","guid":{"rendered":"http:\/\/elguanajuatense.vip\/?p=6536"},"modified":"2023-06-22T08:29:28","modified_gmt":"2023-06-22T14:29:28","slug":"llama-alcalde-cesar-prieto-a-trabajar-en-unidad-por-la-paz-de-salamanca-jcesarprieto-gobsalamanca","status":"publish","type":"post","link":"https:\/\/elguanajuatense.vip\/?p=6536","title":{"rendered":"Llama alcalde C\u00e9sar Prieto a trabajar en unidad por la paz de Salamanca \/ @JCesarPrieto @GobSalamanca >>>"},"content":{"rendered":"\n<p><strong>\u00a0#Salamanca, #Edom\u00e9x.- <\/strong>A fin de trabajar de la mano con la poblaci\u00f3n salmantina para la construcci\u00f3n de la paz en el municipio, el presidente municipal C\u00e9sar Prieto, y Tania Jimena Enr\u00edquez Mier, titular de la Unidad de Prevenci\u00f3n de la Violencia y el Delito de la Secretar\u00eda de Seguridad y Protecci\u00f3n Ciudadana, hicieron un llamado a la poblaci\u00f3n para que participe en la campa\u00f1a de \u201cDesarme Voluntario\u201d.<\/p>\n\n\n\n<p>\u201cQueremos invitar a la gente de Salamanca y de la Regi\u00f3n a que nos visiten en este m\u00f3dulo (\u2026) el prop\u00f3sito de esta campa\u00f1a es buscar la paz en Salamanca, sabemos que Guanajuato es un estado en donde la violencia est\u00e1 complicada\u201d, expres\u00f3 C\u00e9sar Prieto.<\/p>\n\n\n\n<p>Cabe recordar que el m\u00f3dulo de atenci\u00f3n estar\u00e1 ubicado en el jard\u00edn Constituci\u00f3n y el horario de atenci\u00f3n ser\u00e1 de 10:00 a.m. a 03:00 p.m., del 21 al 24 de junio, este canje de armas se maneja de forma an\u00f3nima.<br>En este sentido, Tania Jimena Enr\u00edquez Mier precis\u00f3 que el valor econ\u00f3mico de las armas que sean entregadas se cuantificar\u00e1 acorde al estado que estas guarden.<\/p>\n\n\n\n<p>\u201cEs muy importante decir que las armas var\u00edan entre dos mil quinientos pesos dependiendo de su uso, hasta los 24 mil pesos. Invitamos a la ciudadan\u00eda a que venga a dejarnos sus armas, municiones y todo tipo de artefacto que puedan tener\u201d, indic\u00f3.<\/p>\n\n\n\n<p>El Gobierno local se suma a las acciones seguridad que implementa el Gobierno Federal para garantizar la seguridad de la ciudadan\u00eda y preservar un ambiente de paz.<\/p>\n\n\n\n<p><strong>#ElGuanajuatenseVIP &#8211; <\/strong><a href=\"https:\/\/www.facebook.com\/ElGuanajuatenseVIP\/\">El Guanajuatense VIP<\/a><\/p>\n","protected":false},"excerpt":{"rendered":"<p>\u00a0#Salamanca, #Edom\u00e9x.- A fin de trabajar de la mano con la poblaci\u00f3n salmantina para la construcci\u00f3n de la paz en<\/p>\n","protected":false},"author":7,"featured_media":6537,"comment_status":"open","ping_status":"open","sticky":false,"template":"","format":"standard","meta":{"colormag_page_container_layout":"default_layout","colormag_page_sidebar_layout":"default_layout","rop_custom_images_group":[],"rop_custom_messages_group":[],"rop_publish_now":"initial","rop_publish_now_accounts":{"facebook_100397929117741_105998571690021":""},"rop_publish_now_history":[],"rop_publish_now_status":"pending","footnotes":""},"categories":[27],"tags":[85,37,31,45,42,30,33,86,38,164,156,158,39,40,41],"class_list":["post-6536","post","type-post","status-publish","format-standard","has-post-thumbnail","hentry","category-municipios-destacados","tag-cesar-prieto-gallardo","tag-comunicacion-social-gobierno-de-guanajuato","tag-diego-sinhue-rodriguez","tag-el-guanajuatense-vip","tag-en-vivo","tag-guanajuato-gobierno-del-estado","tag-pan-guanajuato","tag-presidencia-municipal-de-salamanca","tag-redes-sociales","tag-secretaria-de-cultura","tag-secretaria-de-educacion-publica","tag-secretaria-del-trabajo-y-prevision-social","tag-ultima-hora","tag-ultimas-noticias","tag-ultimo-minuto"],"_links":{"self":[{"href":"https:\/\/elguanajuatense.vip\/index.php?rest_route=\/wp\/v2\/posts\/6536","targetHints":{"allow":["GET"]}}],"collection":[{"href":"https:\/\/elguanajuatense.vip\/index.php?rest_route=\/wp\/v2\/posts"}],"about":[{"href":"https:\/\/elguanajuatense.vip\/index.php?rest_route=\/wp\/v2\/types\/post"}],"author":[{"embeddable":true,"href":"https:\/\/elguanajuatense.vip\/index.php?rest_route=\/wp\/v2\/users\/7"}],"replies":[{"embeddable":true,"href":"https:\/\/elguanajuatense.vip\/index.php?rest_route=%2Fwp%2Fv2%2Fcomments&post=6536"}],"version-history":[{"count":1,"href":"https:\/\/elguanajuatense.vip\/index.php?rest_route=\/wp\/v2\/posts\/6536\/revisions"}],"predecessor-version":[{"id":6538,"href":"https:\/\/elguanajuatense.vip\/index.php?rest_route=\/wp\/v2\/posts\/6536\/revisions\/6538"}],"wp:featuredmedia":[{"embeddable":true,"href":"https:\/\/elguanajuatense.vip\/index.php?rest_route=\/wp\/v2\/media\/6537"}],"wp:attachment":[{"href":"https:\/\/elguanajuatense.vip\/index.php?rest_route=%2Fwp%2Fv2%2Fmedia&parent=6536"}],"wp:term":[{"taxonomy":"category","embeddable":true,"href":"https:\/\/elguanajuatense.vip\/index.php?rest_route=%2Fwp%2Fv2%2Fcategories&post=6536"},{"taxonomy":"post_tag","embeddable":true,"href":"https:\/\/elguanajuatense.vip\/index.php?rest_route=%2Fwp%2Fv2%2Ftags&post=6536"}],"curies":[{"name":"wp","href":"https:\/\/api.w.org\/{rel}","templated":true}]}}