{"id":6539,"date":"2023-06-22T14:50:12","date_gmt":"2023-06-22T20:50:12","guid":{"rendered":"http:\/\/elguanajuatense.vip\/?p=6539"},"modified":"2023-06-22T15:00:10","modified_gmt":"2023-06-22T21:00:10","slug":"presidente-municipal-de-celaya-javier-marquez-recibio-la-visita-de-estudiantes-destacados-del-grupo-cedva-jmendozamarquez-municipiocelaya","status":"publish","type":"post","link":"https:\/\/elguanajuatense.vip\/?p=6539","title":{"rendered":"Presidente municipal de Celaya recibi\u00f3 la visita de estudiantes destacados del Grupo CEDVA \/ @jmendozamarquez @municipiocelaya >>>"},"content":{"rendered":"\n<p><strong>#Celaya, #Gto.- <\/strong>Acompa\u00f1ado por Giovanna Battaglia Vel\u00e1zquez, Coordinadora Territorial de CONAFE Guanajuato, el presidente municipal de Celaya, Javier Mendoza M\u00e1rquez, recibi\u00f3 la visita de estudiantes destacados del Grupo CEDVA, un gran centro de estudios que cuenta con valiosos talentos celayenses, alumnas y alumnos con vocaci\u00f3n de servicio que est\u00e1n en camino de cumplir sus sue\u00f1os.<\/p>\n\n\n\n<p>El municipio reconoce su esfuerzo y as\u00ed mismo aplaude el gran trabajo de los docentes, que todos los d\u00edas forman a los hombres y mujeres del hoy y del ma\u00f1ana, mismos que seguir\u00e1n haciendo grande a Celaya.<\/p>\n\n\n\n<figure class=\"wp-block-image aligncenter size-medium is-resized\"><img loading=\"lazy\" decoding=\"async\" src=\"http:\/\/elguanajuatense.vip\/wp-content\/uploads\/2023\/06\/image-4-300x169.png\" alt=\"\" class=\"wp-image-6540\" width=\"646\" height=\"365\" srcset=\"https:\/\/elguanajuatense.vip\/wp-content\/uploads\/2023\/06\/image-4-300x169.png 300w, https:\/\/elguanajuatense.vip\/wp-content\/uploads\/2023\/06\/image-4-600x338.png 600w\" sizes=\"auto, (max-width: 646px) 100vw, 646px\" \/><\/figure>\n\n\n\n<p><strong>#ElGuanajuatenseVIP &#8211; <\/strong><a href=\"https:\/\/www.facebook.com\/ElGuanajuatenseVIP\/\">El Guanajuatense VIP<\/a><\/p>\n","protected":false},"excerpt":{"rendered":"<p>#Celaya, #Gto.- Acompa\u00f1ado por Giovanna Battaglia Vel\u00e1zquez, Coordinadora Territorial de CONAFE Guanajuato, el presidente municipal de Celaya, Javier Mendoza M\u00e1rquez,<\/p>\n","protected":false},"author":7,"featured_media":6541,"comment_status":"open","ping_status":"open","sticky":false,"template":"","format":"standard","meta":{"colormag_page_container_layout":"default_layout","colormag_page_sidebar_layout":"default_layout","rop_custom_images_group":[],"rop_custom_messages_group":[],"rop_publish_now":"initial","rop_publish_now_accounts":{"facebook_100397929117741_105998571690021":""},"rop_publish_now_history":[],"rop_publish_now_status":"pending","footnotes":""},"categories":[27],"tags":[62,37,31,45,42,30,105,33,38,157,156,158,39,40,41],"class_list":["post-6539","post","type-post","status-publish","format-standard","has-post-thumbnail","hentry","category-municipios-destacados","tag-celaya","tag-comunicacion-social-gobierno-de-guanajuato","tag-diego-sinhue-rodriguez","tag-el-guanajuatense-vip","tag-en-vivo","tag-guanajuato-gobierno-del-estado","tag-javier-mendoza-marquez","tag-pan-guanajuato","tag-redes-sociales","tag-secretaria-de-economia","tag-secretaria-de-educacion-publica","tag-secretaria-del-trabajo-y-prevision-social","tag-ultima-hora","tag-ultimas-noticias","tag-ultimo-minuto"],"_links":{"self":[{"href":"https:\/\/elguanajuatense.vip\/index.php?rest_route=\/wp\/v2\/posts\/6539","targetHints":{"allow":["GET"]}}],"collection":[{"href":"https:\/\/elguanajuatense.vip\/index.php?rest_route=\/wp\/v2\/posts"}],"about":[{"href":"https:\/\/elguanajuatense.vip\/index.php?rest_route=\/wp\/v2\/types\/post"}],"author":[{"embeddable":true,"href":"https:\/\/elguanajuatense.vip\/index.php?rest_route=\/wp\/v2\/users\/7"}],"replies":[{"embeddable":true,"href":"https:\/\/elguanajuatense.vip\/index.php?rest_route=%2Fwp%2Fv2%2Fcomments&post=6539"}],"version-history":[{"count":3,"href":"https:\/\/elguanajuatense.vip\/index.php?rest_route=\/wp\/v2\/posts\/6539\/revisions"}],"predecessor-version":[{"id":6564,"href":"https:\/\/elguanajuatense.vip\/index.php?rest_route=\/wp\/v2\/posts\/6539\/revisions\/6564"}],"wp:featuredmedia":[{"embeddable":true,"href":"https:\/\/elguanajuatense.vip\/index.php?rest_route=\/wp\/v2\/media\/6541"}],"wp:attachment":[{"href":"https:\/\/elguanajuatense.vip\/index.php?rest_route=%2Fwp%2Fv2%2Fmedia&parent=6539"}],"wp:term":[{"taxonomy":"category","embeddable":true,"href":"https:\/\/elguanajuatense.vip\/index.php?rest_route=%2Fwp%2Fv2%2Fcategories&post=6539"},{"taxonomy":"post_tag","embeddable":true,"href":"https:\/\/elguanajuatense.vip\/index.php?rest_route=%2Fwp%2Fv2%2Ftags&post=6539"}],"curies":[{"name":"wp","href":"https:\/\/api.w.org\/{rel}","templated":true}]}}