{"id":6543,"date":"2023-06-22T08:40:55","date_gmt":"2023-06-22T14:40:55","guid":{"rendered":"http:\/\/elguanajuatense.vip\/?p=6543"},"modified":"2023-06-22T08:40:56","modified_gmt":"2023-06-22T14:40:56","slug":"comite-paralimpico-de-las-americas-visita-guanajuato-diegosinhue-gobiernogto","status":"publish","type":"post","link":"https:\/\/elguanajuatense.vip\/?p=6543","title":{"rendered":"Comit\u00e9 Paral\u00edmpico de las Am\u00e9ricas visita Guanajuato \/ @diegosinhue @gobiernogto >>>"},"content":{"rendered":"\n<p><strong>#GobiernoDeGuanajuato.- <\/strong>Directivos del Comit\u00e9 Paral\u00edmpico de las Am\u00e9ricas (APC); visitaron por primera vez las ciudades de Le\u00f3n y de Guanajuato capital para conocer las condiciones de accesibilidad de las instalaciones deportivas, los recintos dedicados a la organizaci\u00f3n de eventos, as\u00ed como las ventajas que en materia de conectividad, servicios tur\u00edsticos ofrece la entidad.<\/p>\n\n\n\n<p>La comitiva fue encabezada por el Director General de la APC, Julio C\u00e9sar \u00c1vila Sarria; el presidente del Comit\u00e9 Paral\u00edmpico de Puerto Rico, Germ\u00e1n P\u00e9rez Rodr\u00edguez y Michelle Melissa Formonte, Gerente de Proyectos de la APC, quienes sostuvieron la primera mesa de trabajo con los directores de la Comisi\u00f3n de Deporte del Estado de Guanajuato (CODE), Marco Heroldo Gaxiola Romo; del Instituto Guanajuatense para las Personas con Discapacidad (INGUDIS), Jos\u00e9 Grimaldo Colmenero y de la Comisi\u00f3n Municipal del Deporte en Le\u00f3n, Isaac Pi\u00f1a Valdivia.<\/p>\n\n\n\n<p>Como parte de la primera agenda de trabajo, las autoridades emprendieron un recorrido por el Domo de la Feria, Polif\u00f3rum, Distrito Le\u00f3n, Macrocentro Deportivo CODE en Le\u00f3n 1, Unidad Deportiva Enrique Fern\u00e1ndez Mart\u00ednez y en Guanajuato capital visitaron el Polideportivo de CODE y la Villa Deportiva.<\/p>\n\n\n\n<p>\u00c1vila Sarria, dijo que para la primera edici\u00f3n de los Juegos Paracentroamericanos y del Caribe se contempla la participaci\u00f3n de 650 paratletas y la organizaci\u00f3n de competencias en 8 disciplinas deportivas entre ellas parapowelifting, paratenis de mesa, paratletismo, paranataci\u00f3n y basquetbol en silla de ruedas, entre otras disciplinas.<\/p>\n\n\n\n<p>Se\u00f1al\u00f3 que otros dos pa\u00edses adem\u00e1s de Guanajuato han externado su inter\u00e9s por obtener la sede de los primeros Juegos Paracentroamericanos y del Caribe por lo que la APC se esmerar\u00e1 en tomar una decisi\u00f3n para que la sede ganadora realice las adaptaciones correspondientes para recibir el evento.<\/p>\n\n\n\n<p>Esta visita fue resultado de la intenci\u00f3n que el Director General de CODE, Marco Heroldo Gaxiola Romo, extern\u00f3 a los miembros de la APC durante su estancia en Bogot\u00e1, Colombia durante la edici\u00f3n de los Juegos Parapanamericanos Juveniles donde participaron 6 deportistas guanajuatenses.<\/p>\n\n\n\n<p><strong>#ElGuanajuatenseVIP &#8211; <\/strong><a href=\"https:\/\/www.facebook.com\/ElGuanajuatenseVIP\/\">El Guanajuatense VIP<\/a><\/p>\n","protected":false},"excerpt":{"rendered":"<p>#GobiernoDeGuanajuato.- Directivos del Comit\u00e9 Paral\u00edmpico de las Am\u00e9ricas (APC); visitaron por primera vez las ciudades de Le\u00f3n y de Guanajuato<\/p>\n","protected":false},"author":7,"featured_media":6544,"comment_status":"open","ping_status":"open","sticky":false,"template":"","format":"standard","meta":{"colormag_page_container_layout":"default_layout","colormag_page_sidebar_layout":"default_layout","rop_custom_images_group":[],"rop_custom_messages_group":[],"rop_publish_now":"initial","rop_publish_now_accounts":{"facebook_100397929117741_105998571690021":""},"rop_publish_now_history":[],"rop_publish_now_status":"pending","footnotes":""},"categories":[23],"tags":[37,31,45,42,30,33,38,164,157,158,39,40,41],"class_list":["post-6543","post","type-post","status-publish","format-standard","has-post-thumbnail","hentry","category-secretarias","tag-comunicacion-social-gobierno-de-guanajuato","tag-diego-sinhue-rodriguez","tag-el-guanajuatense-vip","tag-en-vivo","tag-guanajuato-gobierno-del-estado","tag-pan-guanajuato","tag-redes-sociales","tag-secretaria-de-cultura","tag-secretaria-de-economia","tag-secretaria-del-trabajo-y-prevision-social","tag-ultima-hora","tag-ultimas-noticias","tag-ultimo-minuto"],"_links":{"self":[{"href":"https:\/\/elguanajuatense.vip\/index.php?rest_route=\/wp\/v2\/posts\/6543","targetHints":{"allow":["GET"]}}],"collection":[{"href":"https:\/\/elguanajuatense.vip\/index.php?rest_route=\/wp\/v2\/posts"}],"about":[{"href":"https:\/\/elguanajuatense.vip\/index.php?rest_route=\/wp\/v2\/types\/post"}],"author":[{"embeddable":true,"href":"https:\/\/elguanajuatense.vip\/index.php?rest_route=\/wp\/v2\/users\/7"}],"replies":[{"embeddable":true,"href":"https:\/\/elguanajuatense.vip\/index.php?rest_route=%2Fwp%2Fv2%2Fcomments&post=6543"}],"version-history":[{"count":1,"href":"https:\/\/elguanajuatense.vip\/index.php?rest_route=\/wp\/v2\/posts\/6543\/revisions"}],"predecessor-version":[{"id":6545,"href":"https:\/\/elguanajuatense.vip\/index.php?rest_route=\/wp\/v2\/posts\/6543\/revisions\/6545"}],"wp:featuredmedia":[{"embeddable":true,"href":"https:\/\/elguanajuatense.vip\/index.php?rest_route=\/wp\/v2\/media\/6544"}],"wp:attachment":[{"href":"https:\/\/elguanajuatense.vip\/index.php?rest_route=%2Fwp%2Fv2%2Fmedia&parent=6543"}],"wp:term":[{"taxonomy":"category","embeddable":true,"href":"https:\/\/elguanajuatense.vip\/index.php?rest_route=%2Fwp%2Fv2%2Fcategories&post=6543"},{"taxonomy":"post_tag","embeddable":true,"href":"https:\/\/elguanajuatense.vip\/index.php?rest_route=%2Fwp%2Fv2%2Ftags&post=6543"}],"curies":[{"name":"wp","href":"https:\/\/api.w.org\/{rel}","templated":true}]}}