{"id":6559,"date":"2023-06-22T14:58:52","date_gmt":"2023-06-22T20:58:52","guid":{"rendered":"http:\/\/elguanajuatense.vip\/?p=6559"},"modified":"2023-06-22T14:59:16","modified_gmt":"2023-06-22T20:59:16","slug":"inauguro-alcalde-de-silao-la-semana-cultural-laboral-2023-en-la-universidad-politecnica-del-bicentenario-carlitosgarciav-silaomunicipio","status":"publish","type":"post","link":"https:\/\/elguanajuatense.vip\/?p=6559","title":{"rendered":"Inaugur\u00f3 alcalde de Silao la Semana Cultural Laboral 2023 en la Universidad Polit\u00e9cnica del Bicentenario \/ @carlitosgarciav @SilaoMunicipio >>>"},"content":{"rendered":"\n<p><strong>#Silao, #Gto.- <\/strong>El Gobierno Municipal de Silao encabezado por Carlos Garc\u00eda Villase\u00f1or inaugur\u00f3 la Semana Cultural Laboral 2023 en la Universidad Polit\u00e9cnica del Bicentenario, donde se impartir\u00e1n conferencias del 20 al 22 de junio a diferentes sectores para una mayor productividad.<\/p>\n\n\n\n<figure class=\"wp-block-image aligncenter size-medium is-resized\"><img loading=\"lazy\" decoding=\"async\" src=\"http:\/\/elguanajuatense.vip\/wp-content\/uploads\/2023\/06\/image-6-300x200.png\" alt=\"\" class=\"wp-image-6560\" width=\"480\" height=\"320\" srcset=\"https:\/\/elguanajuatense.vip\/wp-content\/uploads\/2023\/06\/image-6-300x200.png 300w, https:\/\/elguanajuatense.vip\/wp-content\/uploads\/2023\/06\/image-6-1024x683.png 1024w, https:\/\/elguanajuatense.vip\/wp-content\/uploads\/2023\/06\/image-6-768x512.png 768w, https:\/\/elguanajuatense.vip\/wp-content\/uploads\/2023\/06\/image-6-1536x1024.png 1536w, https:\/\/elguanajuatense.vip\/wp-content\/uploads\/2023\/06\/image-6-600x400.png 600w, https:\/\/elguanajuatense.vip\/wp-content\/uploads\/2023\/06\/image-6.png 1600w\" sizes=\"auto, (max-width: 480px) 100vw, 480px\" \/><\/figure>\n\n\n\n<p><strong>#ElVeracruzanoVIP &#8211; <\/strong><a href=\"https:\/\/www.facebook.com\/ElVeracruzanoVIP\/\">El Veracruzano VIP<\/a><\/p>\n","protected":false},"excerpt":{"rendered":"<p>#Silao, #Gto.- El Gobierno Municipal de Silao encabezado por Carlos Garc\u00eda Villase\u00f1or inaugur\u00f3 la Semana Cultural Laboral 2023 en la<\/p>\n","protected":false},"author":7,"featured_media":6561,"comment_status":"open","ping_status":"open","sticky":false,"template":"","format":"standard","meta":{"colormag_page_container_layout":"default_layout","colormag_page_sidebar_layout":"default_layout","rop_custom_images_group":[],"rop_custom_messages_group":[],"rop_publish_now":"initial","rop_publish_now_accounts":{"facebook_100397929117741_105998571690021":""},"rop_publish_now_history":[],"rop_publish_now_status":"pending","footnotes":""},"categories":[26],"tags":[89,37,31,45,42,30,33,38,157,156,158,88,39,40,41],"class_list":["post-6559","post","type-post","status-publish","format-standard","has-post-thumbnail","hentry","category-municipios","tag-carlos-garcia-villasenor","tag-comunicacion-social-gobierno-de-guanajuato","tag-diego-sinhue-rodriguez","tag-el-guanajuatense-vip","tag-en-vivo","tag-guanajuato-gobierno-del-estado","tag-pan-guanajuato","tag-redes-sociales","tag-secretaria-de-economia","tag-secretaria-de-educacion-publica","tag-secretaria-del-trabajo-y-prevision-social","tag-silao-municipio","tag-ultima-hora","tag-ultimas-noticias","tag-ultimo-minuto"],"_links":{"self":[{"href":"https:\/\/elguanajuatense.vip\/index.php?rest_route=\/wp\/v2\/posts\/6559","targetHints":{"allow":["GET"]}}],"collection":[{"href":"https:\/\/elguanajuatense.vip\/index.php?rest_route=\/wp\/v2\/posts"}],"about":[{"href":"https:\/\/elguanajuatense.vip\/index.php?rest_route=\/wp\/v2\/types\/post"}],"author":[{"embeddable":true,"href":"https:\/\/elguanajuatense.vip\/index.php?rest_route=\/wp\/v2\/users\/7"}],"replies":[{"embeddable":true,"href":"https:\/\/elguanajuatense.vip\/index.php?rest_route=%2Fwp%2Fv2%2Fcomments&post=6559"}],"version-history":[{"count":2,"href":"https:\/\/elguanajuatense.vip\/index.php?rest_route=\/wp\/v2\/posts\/6559\/revisions"}],"predecessor-version":[{"id":6563,"href":"https:\/\/elguanajuatense.vip\/index.php?rest_route=\/wp\/v2\/posts\/6559\/revisions\/6563"}],"wp:featuredmedia":[{"embeddable":true,"href":"https:\/\/elguanajuatense.vip\/index.php?rest_route=\/wp\/v2\/media\/6561"}],"wp:attachment":[{"href":"https:\/\/elguanajuatense.vip\/index.php?rest_route=%2Fwp%2Fv2%2Fmedia&parent=6559"}],"wp:term":[{"taxonomy":"category","embeddable":true,"href":"https:\/\/elguanajuatense.vip\/index.php?rest_route=%2Fwp%2Fv2%2Fcategories&post=6559"},{"taxonomy":"post_tag","embeddable":true,"href":"https:\/\/elguanajuatense.vip\/index.php?rest_route=%2Fwp%2Fv2%2Ftags&post=6559"}],"curies":[{"name":"wp","href":"https:\/\/api.w.org\/{rel}","templated":true}]}}