{"id":6776,"date":"2023-07-18T12:54:15","date_gmt":"2023-07-18T18:54:15","guid":{"rendered":"http:\/\/elguanajuatense.vip\/?p=6776"},"modified":"2023-07-18T15:12:47","modified_gmt":"2023-07-18T21:12:47","slug":"en-guanajuato-capital-se-llevo-a-cabo-la-rehabilitacion-del-centro-cultural-comunitario-de-puentecillas-anavarromx-guanajuatogob","status":"publish","type":"post","link":"https:\/\/elguanajuatense.vip\/?p=6776","title":{"rendered":"Llev\u00f3 a cabo Guanajuato Capital rehabilitaci\u00f3n de centro cultural comunitario \/ @ANavarroMX @GuanajuatoGob >>>"},"content":{"rendered":"\n<p><strong>#Guanajuato, #Gto.-<\/strong> Vecinas y vecinos de Puentecillas pusieron manos a la obra para hacer equipo con el Gobierno Municipal y rehabilitar el Centro Cultural Comunitario de esta localidad ubicada en el sur de la Capital del Estado.<\/p>\n\n\n\n<p>\u201cEstamos ayudando para que las ni\u00f1as y los ni\u00f1os tengan un lugar donde desarrollen su talento, en entornos adecuados y libres de adicciones\u201d, asegur\u00f3 Samantha Smith, presidenta del DIF Municipal y coordinadora de Planet Youth en Guanajuato Capital.<\/p>\n\n\n\n<p>Con la participaci\u00f3n de casi mil ni\u00f1as, ni\u00f1os y adolescentes cada semana, el Centro Cultural Comunitario de Puentecillas se posiciona como el mejor en su tipo a nivel estatal, donde se trabaja con enfoque en el desarrollo integral y la prevenci\u00f3n de las adicciones.<\/p>\n\n\n\n<p>Samantha Smith record\u00f3 que, adem\u00e1s de rehabilitar el centro cultural, tambi\u00e9n se realizan actividades para fomentar una vida saludable y sin adicciones entre la ni\u00f1ez y la juventud de Puentecillas, donde el personal de la Direcci\u00f3n General de Cultura y Educaci\u00f3n tambi\u00e9n brind\u00f3 apoyo para llevar a cabo los trabajos de rehabilitaci\u00f3n.<\/p>\n\n\n\n<p>El Centro Cultural Comunitario de Puentecillas tambi\u00e9n ofrece su infraestructura deportiva a las alumnas y los alumnos de las escuelas primarias \u201cRafael Ram\u00edrez\u201d y \u201cAndr\u00e9s Quintana Roo\u201d, as\u00ed como de la telesecundaria \u201cRam\u00f3n L\u00f3pez Velarde\u201d.<\/p>\n\n\n\n<p><strong>#ElGuanajuatenseVIP &#8211; <\/strong><a href=\"https:\/\/www.facebook.com\/ElGuanajuatenseVIP\/\">El Guanajuatense VIP<\/a><\/p>\n","protected":false},"excerpt":{"rendered":"<p>#Guanajuato, #Gto.- Vecinas y vecinos de Puentecillas pusieron manos a la obra para hacer equipo con el Gobierno Municipal y<\/p>\n","protected":false},"author":7,"featured_media":6778,"comment_status":"open","ping_status":"open","sticky":false,"template":"","format":"standard","meta":{"colormag_page_container_layout":"default_layout","colormag_page_sidebar_layout":"default_layout","rop_custom_images_group":[],"rop_custom_messages_group":[],"rop_publish_now":"initial","rop_publish_now_accounts":{"facebook_100397929117741_105998571690021":""},"rop_publish_now_history":[],"rop_publish_now_status":"pending","footnotes":""},"categories":[27],"tags":[84,37,31,45,42,83,30,33,38,157,156,158,39,40,41],"class_list":["post-6776","post","type-post","status-publish","format-standard","has-post-thumbnail","hentry","category-municipios-destacados","tag-alejandro-navarro-saldana","tag-comunicacion-social-gobierno-de-guanajuato","tag-diego-sinhue-rodriguez","tag-el-guanajuatense-vip","tag-en-vivo","tag-gobierno-municipal-de-guanajuato","tag-guanajuato-gobierno-del-estado","tag-pan-guanajuato","tag-redes-sociales","tag-secretaria-de-economia","tag-secretaria-de-educacion-publica","tag-secretaria-del-trabajo-y-prevision-social","tag-ultima-hora","tag-ultimas-noticias","tag-ultimo-minuto"],"_links":{"self":[{"href":"https:\/\/elguanajuatense.vip\/index.php?rest_route=\/wp\/v2\/posts\/6776","targetHints":{"allow":["GET"]}}],"collection":[{"href":"https:\/\/elguanajuatense.vip\/index.php?rest_route=\/wp\/v2\/posts"}],"about":[{"href":"https:\/\/elguanajuatense.vip\/index.php?rest_route=\/wp\/v2\/types\/post"}],"author":[{"embeddable":true,"href":"https:\/\/elguanajuatense.vip\/index.php?rest_route=\/wp\/v2\/users\/7"}],"replies":[{"embeddable":true,"href":"https:\/\/elguanajuatense.vip\/index.php?rest_route=%2Fwp%2Fv2%2Fcomments&post=6776"}],"version-history":[{"count":3,"href":"https:\/\/elguanajuatense.vip\/index.php?rest_route=\/wp\/v2\/posts\/6776\/revisions"}],"predecessor-version":[{"id":6797,"href":"https:\/\/elguanajuatense.vip\/index.php?rest_route=\/wp\/v2\/posts\/6776\/revisions\/6797"}],"wp:featuredmedia":[{"embeddable":true,"href":"https:\/\/elguanajuatense.vip\/index.php?rest_route=\/wp\/v2\/media\/6778"}],"wp:attachment":[{"href":"https:\/\/elguanajuatense.vip\/index.php?rest_route=%2Fwp%2Fv2%2Fmedia&parent=6776"}],"wp:term":[{"taxonomy":"category","embeddable":true,"href":"https:\/\/elguanajuatense.vip\/index.php?rest_route=%2Fwp%2Fv2%2Fcategories&post=6776"},{"taxonomy":"post_tag","embeddable":true,"href":"https:\/\/elguanajuatense.vip\/index.php?rest_route=%2Fwp%2Fv2%2Ftags&post=6776"}],"curies":[{"name":"wp","href":"https:\/\/api.w.org\/{rel}","templated":true}]}}