{"id":6802,"date":"2023-07-20T15:15:42","date_gmt":"2023-07-20T21:15:42","guid":{"rendered":"http:\/\/elguanajuatense.vip\/?p=6802"},"modified":"2023-07-20T15:15:43","modified_gmt":"2023-07-20T21:15:43","slug":"continua-gobierno-de-salamanca-instalacion-de-luminarias-jcesarprieto-gobsalamanca","status":"publish","type":"post","link":"https:\/\/elguanajuatense.vip\/?p=6802","title":{"rendered":"Contin\u00faa gobierno de Salamanca instalaci\u00f3n de luminarias \/ @JCesarPrieto @GobSalamanca >>>"},"content":{"rendered":"\n<p class=\"wp-block-paragraph\"><strong>#Salamanca, #Gto.-<\/strong> Como parte de los compromisos del presidente municipal C\u00e9sar Prieto, para mejorar el servicio de alumbrado p\u00fablico en la ciudad; la Direcci\u00f3n de Servicios P\u00fablicos Municipales contin\u00faa con la instalaci\u00f3n y cambio de luminarias, as\u00ed como la rehabilitaci\u00f3n del cableado en colonias y comunidades.<\/p>\n\n\n\n<p class=\"wp-block-paragraph\">En esta ocasi\u00f3n, se instalaron nuevas luminarias en Bellavista, El Campanario, La Obrera, Santa Elena, Prolongaci\u00f3n Hidalgo, Lindavista, Morelos, Bulevar Clouthier, Privada Col\u00f3n y Avenida del Trabajo; as\u00ed como en las comunidades San Antonio, Labor de Valtierra, San Jos\u00e9 de los Duros, Perico del Conejo y El Carmen.<\/p>\n\n\n\n<p class=\"wp-block-paragraph\">Asimismo, en las \u00e1reas verdes de la colonia Bellavista, se instalaron cuatro reflectores; mientras que, en las colonias Constituyentes, Infonavit I, Fovissste, Floresta, Pluripartidista y San Juan de la Presa, se restableci\u00f3 el circuito de iluminaci\u00f3n.<\/p>\n\n\n\n<p class=\"wp-block-paragraph\">A trav\u00e9s de la Direcci\u00f3n General de Servicios P\u00fablicos Municipales se fortalecen las acciones de trabajo para mejorar el servicio de alumbrado p\u00fablico tanto en colonias y comunidades del municipio, atendiendo as\u00ed las principales demandas y solicitudes la poblaci\u00f3n salmantina.<\/p>\n\n\n\n<p class=\"wp-block-paragraph\"><strong>#ElGuanajuatenseVIP &#8211; <\/strong><a href=\"https:\/\/www.facebook.com\/ElGuanajuatenseVIP\/\">El Guanajuatense VIP<\/a><\/p>\n","protected":false},"excerpt":{"rendered":"<p>#Salamanca, #Gto.- Como parte de los compromisos del presidente municipal C\u00e9sar Prieto, para mejorar el servicio de alumbrado p\u00fablico en<\/p>\n","protected":false},"author":7,"featured_media":6804,"comment_status":"open","ping_status":"open","sticky":false,"template":"","format":"standard","meta":{"colormag_page_container_layout":"default_layout","colormag_page_sidebar_layout":"default_layout","rop_custom_images_group":[],"rop_custom_messages_group":[],"rop_publish_now":"initial","rop_publish_now_accounts":{"facebook_100397929117741_105998571690021":""},"rop_publish_now_history":[],"rop_publish_now_status":"pending","footnotes":""},"categories":[27],"tags":[85,37,31,45,42,30,33,86,38,164,157,165,158,39,40,41],"class_list":["post-6802","post","type-post","status-publish","format-standard","has-post-thumbnail","hentry","category-municipios-destacados","tag-cesar-prieto-gallardo","tag-comunicacion-social-gobierno-de-guanajuato","tag-diego-sinhue-rodriguez","tag-el-guanajuatense-vip","tag-en-vivo","tag-guanajuato-gobierno-del-estado","tag-pan-guanajuato","tag-presidencia-municipal-de-salamanca","tag-redes-sociales","tag-secretaria-de-cultura","tag-secretaria-de-economia","tag-secretaria-del-medio-ambiente","tag-secretaria-del-trabajo-y-prevision-social","tag-ultima-hora","tag-ultimas-noticias","tag-ultimo-minuto"],"_links":{"self":[{"href":"https:\/\/elguanajuatense.vip\/index.php?rest_route=\/wp\/v2\/posts\/6802","targetHints":{"allow":["GET"]}}],"collection":[{"href":"https:\/\/elguanajuatense.vip\/index.php?rest_route=\/wp\/v2\/posts"}],"about":[{"href":"https:\/\/elguanajuatense.vip\/index.php?rest_route=\/wp\/v2\/types\/post"}],"author":[{"embeddable":true,"href":"https:\/\/elguanajuatense.vip\/index.php?rest_route=\/wp\/v2\/users\/7"}],"replies":[{"embeddable":true,"href":"https:\/\/elguanajuatense.vip\/index.php?rest_route=%2Fwp%2Fv2%2Fcomments&post=6802"}],"version-history":[{"count":1,"href":"https:\/\/elguanajuatense.vip\/index.php?rest_route=\/wp\/v2\/posts\/6802\/revisions"}],"predecessor-version":[{"id":6805,"href":"https:\/\/elguanajuatense.vip\/index.php?rest_route=\/wp\/v2\/posts\/6802\/revisions\/6805"}],"wp:featuredmedia":[{"embeddable":true,"href":"https:\/\/elguanajuatense.vip\/index.php?rest_route=\/wp\/v2\/media\/6804"}],"wp:attachment":[{"href":"https:\/\/elguanajuatense.vip\/index.php?rest_route=%2Fwp%2Fv2%2Fmedia&parent=6802"}],"wp:term":[{"taxonomy":"category","embeddable":true,"href":"https:\/\/elguanajuatense.vip\/index.php?rest_route=%2Fwp%2Fv2%2Fcategories&post=6802"},{"taxonomy":"post_tag","embeddable":true,"href":"https:\/\/elguanajuatense.vip\/index.php?rest_route=%2Fwp%2Fv2%2Ftags&post=6802"}],"curies":[{"name":"wp","href":"https:\/\/api.w.org\/{rel}","templated":true}]}}