{"id":6806,"date":"2023-07-20T15:20:29","date_gmt":"2023-07-20T21:20:29","guid":{"rendered":"http:\/\/elguanajuatense.vip\/?p=6806"},"modified":"2023-07-20T15:20:31","modified_gmt":"2023-07-20T21:20:31","slug":"concluye-ciclo-escolar-2022-2023-en-estancias-infantiles-y-preescolares-de-dif-celaya-jmendozamarquez-municipiocelaya","status":"publish","type":"post","link":"https:\/\/elguanajuatense.vip\/?p=6806","title":{"rendered":"Concluye ciclo escolar 2022-2023 en estancias infantiles y preescolares de DIF Celaya \/ @jmendozamarquez @municipiocelaya >>>"},"content":{"rendered":"\n<p><strong>#Celaya, #Gto.-<\/strong> Dando un nuevo paso en su formaci\u00f3n escolar, este lunes 41 ni\u00f1as y ni\u00f1os que son atendidos en las estancias infantiles y preescolares de DIF Celaya concluyeron el ciclo escolar 2022-2023.<\/p>\n\n\n\n<p>\u201cLas etapas de la vida las va disfrutando uno paso a paso, me da much\u00edsimo gusto y les agradezco de coraz\u00f3n la confianza que siempre han tenido para DIF y que sus peque\u00f1os hayan estado aqu\u00ed con nosotros\u201d, fueron las palabras de la presidenta del Patronato del Sistema DIF Celaya, Rosa Mar\u00eda Su\u00e1rez de Mendoza, durante la ceremonia de clausura en la estancia infantil \u2018Las Insurgentes\u2019.<\/p>\n\n\n\n<p>Fueron 13 ni\u00f1os los que terminaron en la estancia infantil \u2018Las Insurgentes\u2019, algunos iniciaron a los 3 meses de edad y ahora pasar\u00e1n a nivel preescolar, as\u00ed como 10 ni\u00f1os que concluyeron en la estancia infantil de Rinc\u00f3n de Tamayo.<\/p>\n\n\n\n<p>Por otro lado, fueron 9 ni\u00f1os los que finalizaron en el Preescolar Mi Peque\u00f1o Mundo y 9 en el Preescolar Arco\u00edris, quienes ahora pasar\u00e1n a la primaria.<\/p>\n\n\n\n<p>&nbsp;\u201cPara m\u00ed es un gusto estar aqu\u00ed disfrutando de esta graduaci\u00f3n de estos peque\u00f1itos y agradezco a todo el personal de DIF de la estancia por su trabajo, su colaboraci\u00f3n y las ganas que le echan todos los d\u00edas para estar al pendiente de los ni\u00f1os\u201d, agreg\u00f3 la Se\u00f1ora Rosita Su\u00e1rez.<\/p>\n\n\n\n<p>En la ceremonia tambi\u00e9n estuvo presente la directora del DIF, Mar\u00eda del Carmen N\u00fa\u00f1ez Mares, que en conjunto con la Se\u00f1ora Rosita, realizaron la entrega de diplomas a las ni\u00f1as y ni\u00f1os graduados.<\/p>\n\n\n\n<p><strong>#ElGuanajuatenseVIP &#8211; <\/strong><a href=\"https:\/\/www.facebook.com\/ElGuanajuatenseVIP\/\">El Guanajuatense VIP<\/a><a rel=\"noreferrer noopener\" href=\"https:\/\/www.facebook.com\/sharer.php?u=https:\/\/difcelaya.gob.mx\/concluye-ciclo-escolar-2022-2023-en-estancias-infantiles-y-preescolares-de-dif-celaya\/\" target=\"_blank\"><\/a><\/p>\n","protected":false},"excerpt":{"rendered":"<p>#Celaya, #Gto.- Dando un nuevo paso en su formaci\u00f3n escolar, este lunes 41 ni\u00f1as y ni\u00f1os que son atendidos en<\/p>\n","protected":false},"author":7,"featured_media":6807,"comment_status":"open","ping_status":"open","sticky":false,"template":"","format":"standard","meta":{"colormag_page_container_layout":"default_layout","colormag_page_sidebar_layout":"default_layout","rop_custom_images_group":[],"rop_custom_messages_group":[],"rop_publish_now":"initial","rop_publish_now_accounts":{"facebook_100397929117741_105998571690021":""},"rop_publish_now_history":[],"rop_publish_now_status":"pending","footnotes":""},"categories":[27],"tags":[62,37,31,45,42,30,105,33,38,164,157,156,158,39,40,41],"class_list":["post-6806","post","type-post","status-publish","format-standard","has-post-thumbnail","hentry","category-municipios-destacados","tag-celaya","tag-comunicacion-social-gobierno-de-guanajuato","tag-diego-sinhue-rodriguez","tag-el-guanajuatense-vip","tag-en-vivo","tag-guanajuato-gobierno-del-estado","tag-javier-mendoza-marquez","tag-pan-guanajuato","tag-redes-sociales","tag-secretaria-de-cultura","tag-secretaria-de-economia","tag-secretaria-de-educacion-publica","tag-secretaria-del-trabajo-y-prevision-social","tag-ultima-hora","tag-ultimas-noticias","tag-ultimo-minuto"],"_links":{"self":[{"href":"https:\/\/elguanajuatense.vip\/index.php?rest_route=\/wp\/v2\/posts\/6806","targetHints":{"allow":["GET"]}}],"collection":[{"href":"https:\/\/elguanajuatense.vip\/index.php?rest_route=\/wp\/v2\/posts"}],"about":[{"href":"https:\/\/elguanajuatense.vip\/index.php?rest_route=\/wp\/v2\/types\/post"}],"author":[{"embeddable":true,"href":"https:\/\/elguanajuatense.vip\/index.php?rest_route=\/wp\/v2\/users\/7"}],"replies":[{"embeddable":true,"href":"https:\/\/elguanajuatense.vip\/index.php?rest_route=%2Fwp%2Fv2%2Fcomments&post=6806"}],"version-history":[{"count":1,"href":"https:\/\/elguanajuatense.vip\/index.php?rest_route=\/wp\/v2\/posts\/6806\/revisions"}],"predecessor-version":[{"id":6808,"href":"https:\/\/elguanajuatense.vip\/index.php?rest_route=\/wp\/v2\/posts\/6806\/revisions\/6808"}],"wp:featuredmedia":[{"embeddable":true,"href":"https:\/\/elguanajuatense.vip\/index.php?rest_route=\/wp\/v2\/media\/6807"}],"wp:attachment":[{"href":"https:\/\/elguanajuatense.vip\/index.php?rest_route=%2Fwp%2Fv2%2Fmedia&parent=6806"}],"wp:term":[{"taxonomy":"category","embeddable":true,"href":"https:\/\/elguanajuatense.vip\/index.php?rest_route=%2Fwp%2Fv2%2Fcategories&post=6806"},{"taxonomy":"post_tag","embeddable":true,"href":"https:\/\/elguanajuatense.vip\/index.php?rest_route=%2Fwp%2Fv2%2Ftags&post=6806"}],"curies":[{"name":"wp","href":"https:\/\/api.w.org\/{rel}","templated":true}]}}