{"id":6866,"date":"2023-07-27T14:57:30","date_gmt":"2023-07-27T20:57:30","guid":{"rendered":"http:\/\/elguanajuatense.vip\/?p=6866"},"modified":"2023-07-27T14:57:31","modified_gmt":"2023-07-27T20:57:31","slug":"en-acapulco-brigada-de-la-direccion-de-salud-llevo-a-cabo-esterilizacion-vacunacion-y-desparasitacion-en-favor-de-mascotas-criollas-abelinalopezr-acapulco","status":"publish","type":"post","link":"https:\/\/elguanajuatense.vip\/?p=6866","title":{"rendered":"En Acapulco, Brigada de la Direcci\u00f3n de Salud llev\u00f3 a cabo esterilizaci\u00f3n, vacunaci\u00f3n y desparasitaci\u00f3n en favor de mascotas criollas \/ @AbelinaLopezR @Acapulco >>>"},"content":{"rendered":"\n<p><strong>#Acapulco, #Gro.- <\/strong>Una brigada de la Direcci\u00f3n de Salud visit\u00f3 la col. Emiliano Zapata donde se llev\u00f3 a cabo labores de esterilizaci\u00f3n, vacunaci\u00f3n y desparasitaci\u00f3n en favor de mascotas criollas de vecinas y vecinos de las colonias cercanas. <\/p>\n\n\n\n<p>El municipio invita a la poblaci\u00f3n a seguir atentamente la informaci\u00f3n que se publica en los espacios oficiales de la Presidenta Abelina L\u00f3pez Rodr\u00edguez, del gobierno y de Salud Municipal, para conocer las nuevas fechas y sedes de esta campa\u00f1a que la siguiente semana estar\u00e1 en la col. Progreso.<\/p>\n\n\n\n<p><strong>#ElGuanajuatenseVIP &#8211; <\/strong><a href=\"https:\/\/www.facebook.com\/ElGuanajuatenseVIP\/\">El Guanajuatense VIP<\/a><\/p>\n","protected":false},"excerpt":{"rendered":"<p>#Acapulco, #Gro.- Una brigada de la Direcci\u00f3n de Salud visit\u00f3 la col. Emiliano Zapata donde se llev\u00f3 a cabo labores<\/p>\n","protected":false},"author":7,"featured_media":6867,"comment_status":"open","ping_status":"open","sticky":false,"template":"","format":"standard","meta":{"colormag_page_container_layout":"default_layout","colormag_page_sidebar_layout":"default_layout","rop_custom_images_group":[],"rop_custom_messages_group":[],"rop_publish_now":"initial","rop_publish_now_accounts":{"facebook_100397929117741_105998571690021":""},"rop_publish_now_history":[],"rop_publish_now_status":"pending","footnotes":""},"categories":[24],"tags":[111,37,31,45,42,110,30,33,38,164,157,156,158,39,40,41],"class_list":["post-6866","post","type-post","status-publish","format-standard","has-post-thumbnail","hentry","category-municipios-en-mexico","tag-abelina-lopez-rodriguez","tag-comunicacion-social-gobierno-de-guanajuato","tag-diego-sinhue-rodriguez","tag-el-guanajuatense-vip","tag-en-vivo","tag-gobierno-municipal-de-acapulco","tag-guanajuato-gobierno-del-estado","tag-pan-guanajuato","tag-redes-sociales","tag-secretaria-de-cultura","tag-secretaria-de-economia","tag-secretaria-de-educacion-publica","tag-secretaria-del-trabajo-y-prevision-social","tag-ultima-hora","tag-ultimas-noticias","tag-ultimo-minuto"],"_links":{"self":[{"href":"https:\/\/elguanajuatense.vip\/index.php?rest_route=\/wp\/v2\/posts\/6866","targetHints":{"allow":["GET"]}}],"collection":[{"href":"https:\/\/elguanajuatense.vip\/index.php?rest_route=\/wp\/v2\/posts"}],"about":[{"href":"https:\/\/elguanajuatense.vip\/index.php?rest_route=\/wp\/v2\/types\/post"}],"author":[{"embeddable":true,"href":"https:\/\/elguanajuatense.vip\/index.php?rest_route=\/wp\/v2\/users\/7"}],"replies":[{"embeddable":true,"href":"https:\/\/elguanajuatense.vip\/index.php?rest_route=%2Fwp%2Fv2%2Fcomments&post=6866"}],"version-history":[{"count":1,"href":"https:\/\/elguanajuatense.vip\/index.php?rest_route=\/wp\/v2\/posts\/6866\/revisions"}],"predecessor-version":[{"id":6868,"href":"https:\/\/elguanajuatense.vip\/index.php?rest_route=\/wp\/v2\/posts\/6866\/revisions\/6868"}],"wp:featuredmedia":[{"embeddable":true,"href":"https:\/\/elguanajuatense.vip\/index.php?rest_route=\/wp\/v2\/media\/6867"}],"wp:attachment":[{"href":"https:\/\/elguanajuatense.vip\/index.php?rest_route=%2Fwp%2Fv2%2Fmedia&parent=6866"}],"wp:term":[{"taxonomy":"category","embeddable":true,"href":"https:\/\/elguanajuatense.vip\/index.php?rest_route=%2Fwp%2Fv2%2Fcategories&post=6866"},{"taxonomy":"post_tag","embeddable":true,"href":"https:\/\/elguanajuatense.vip\/index.php?rest_route=%2Fwp%2Fv2%2Ftags&post=6866"}],"curies":[{"name":"wp","href":"https:\/\/api.w.org\/{rel}","templated":true}]}}