{"id":6909,"date":"2023-08-01T16:31:21","date_gmt":"2023-08-01T22:31:21","guid":{"rendered":"http:\/\/elguanajuatense.vip\/?p=6909"},"modified":"2023-08-01T16:31:22","modified_gmt":"2023-08-01T22:31:22","slug":"ssg-suma-30-lactarios-en-hospitales-del-estado-diegosinhue-gobiernogto","status":"publish","type":"post","link":"https:\/\/elguanajuatense.vip\/?p=6909","title":{"rendered":"SSG suma 30 lactarios en hospitales del Estado \/ @diegosinhue @gobiernogto >>>"},"content":{"rendered":"\n<p class=\"wp-block-paragraph\"><strong>#GobiernoDeGuanajuato-<\/strong> Con motivo de la Semana Mundial de la Lactancia Materna 2023,el Sistema de Salud Gto pone al servicio de la poblaci\u00f3n 30 Lactarios para promover la alimentaci\u00f3n de los beb\u00e9s guanajuatenses.<\/p>\n\n\n\n<p class=\"wp-block-paragraph\"><strong>#ElGuanajuatenseVIP &#8211; <\/strong><a href=\"https:\/\/www.facebook.com\/ElGuanajuatenseVIP\/\">El Guanajuatense VIP<\/a><\/p>\n","protected":false},"excerpt":{"rendered":"<p>#GobiernoDeGuanajuato- Con motivo de la Semana Mundial de la Lactancia Materna 2023,el Sistema de Salud Gto pone al servicio de<\/p>\n","protected":false},"author":7,"featured_media":6910,"comment_status":"open","ping_status":"open","sticky":false,"template":"","format":"standard","meta":{"colormag_page_container_layout":"default_layout","colormag_page_sidebar_layout":"default_layout","rop_custom_images_group":[],"rop_custom_messages_group":[],"rop_publish_now":"initial","rop_publish_now_accounts":{"facebook_100397929117741_105998571690021":""},"rop_publish_now_history":[],"rop_publish_now_status":"pending","footnotes":""},"categories":[25],"tags":[37,31,45,42,30,33,38,157,156,158,39,40,41],"class_list":["post-6909","post","type-post","status-publish","format-standard","has-post-thumbnail","hentry","category-ultima-hora","tag-comunicacion-social-gobierno-de-guanajuato","tag-diego-sinhue-rodriguez","tag-el-guanajuatense-vip","tag-en-vivo","tag-guanajuato-gobierno-del-estado","tag-pan-guanajuato","tag-redes-sociales","tag-secretaria-de-economia","tag-secretaria-de-educacion-publica","tag-secretaria-del-trabajo-y-prevision-social","tag-ultima-hora","tag-ultimas-noticias","tag-ultimo-minuto"],"_links":{"self":[{"href":"https:\/\/elguanajuatense.vip\/index.php?rest_route=\/wp\/v2\/posts\/6909","targetHints":{"allow":["GET"]}}],"collection":[{"href":"https:\/\/elguanajuatense.vip\/index.php?rest_route=\/wp\/v2\/posts"}],"about":[{"href":"https:\/\/elguanajuatense.vip\/index.php?rest_route=\/wp\/v2\/types\/post"}],"author":[{"embeddable":true,"href":"https:\/\/elguanajuatense.vip\/index.php?rest_route=\/wp\/v2\/users\/7"}],"replies":[{"embeddable":true,"href":"https:\/\/elguanajuatense.vip\/index.php?rest_route=%2Fwp%2Fv2%2Fcomments&post=6909"}],"version-history":[{"count":2,"href":"https:\/\/elguanajuatense.vip\/index.php?rest_route=\/wp\/v2\/posts\/6909\/revisions"}],"predecessor-version":[{"id":6923,"href":"https:\/\/elguanajuatense.vip\/index.php?rest_route=\/wp\/v2\/posts\/6909\/revisions\/6923"}],"wp:featuredmedia":[{"embeddable":true,"href":"https:\/\/elguanajuatense.vip\/index.php?rest_route=\/wp\/v2\/media\/6910"}],"wp:attachment":[{"href":"https:\/\/elguanajuatense.vip\/index.php?rest_route=%2Fwp%2Fv2%2Fmedia&parent=6909"}],"wp:term":[{"taxonomy":"category","embeddable":true,"href":"https:\/\/elguanajuatense.vip\/index.php?rest_route=%2Fwp%2Fv2%2Fcategories&post=6909"},{"taxonomy":"post_tag","embeddable":true,"href":"https:\/\/elguanajuatense.vip\/index.php?rest_route=%2Fwp%2Fv2%2Ftags&post=6909"}],"curies":[{"name":"wp","href":"https:\/\/api.w.org\/{rel}","templated":true}]}}