{"id":6933,"date":"2023-08-03T15:34:00","date_gmt":"2023-08-03T21:34:00","guid":{"rendered":"http:\/\/elguanajuatense.vip\/?p=6933"},"modified":"2023-08-03T13:34:49","modified_gmt":"2023-08-03T19:34:49","slug":"inaugura-diego-sinhue-festival-del-adulto-mayor-en-leon-diegosinhue-gobiernogto","status":"publish","type":"post","link":"https:\/\/elguanajuatense.vip\/?p=6933","title":{"rendered":"Inaugura Diego Sinhue Festival del Adulto Mayor en Le\u00f3n \/ @diegosinhue @gobiernogto >>>"},"content":{"rendered":"\n<p><strong>#GobiernoDeGuanajuato.- <\/strong>\u201cHoy los adultos mayores del Estado merecen ser reconocidos y darles el valor que tienen; ustedes no son una carga social, son un activo para la sociedad, tienen todav\u00eda mucho que aportar y que dar, nosotros tenemos mucho que aprenderles\u201d.<\/p>\n\n\n\n<p>As\u00ed lo dijo el Gobernador del Estado, Diego Sinhue Rodr\u00edguez Vallejo, al inaugurar el Festival del Adulto Mayor Telcel 2023, Bienestar y Diversi\u00f3n.<\/p>\n\n\n\n<p>Este evento se enfoca en personas de 50 a\u00f1os en adelante y tiene como objetivo que los visitantes obtengan nuevas ideas y herramientas que les permitan mejorar su calidad de vida.<\/p>\n\n\n\n<p>El Festival del Adulto Mayor es un evento gratuito de entretenimiento y se lleva a cabo del 3 al 5 de agosto en el Polif\u00f3rum de la ciudad de Le\u00f3n.<\/p>\n\n\n\n<p>Los visitantes podr\u00e1n asistir a conferencias, foros, conciertos, entre muchas otras actividades, como talleres con tem\u00e1ticas de movimiento, estimulaci\u00f3n, manualidades y yoga.<\/p>\n\n\n\n<p>En este Festival se espera la asistencia de 2 mil 600 personas adultas mayores que se atienden en 54 Espacios Gerontol\u00f3gicos distribuidos en los 46 municipios del Estado y se estima la asistencia total de m\u00e1s de 10 mil personas de diferentes puntos del pa\u00eds.<\/p>\n\n\n\n<p>Presente en la ceremonia de inauguraci\u00f3n, la se\u00f1ora Adriana Ram\u00edrez Lozano, Presidenta del Sistema DIF Estatal, agradeci\u00f3 a las personas adultas mayores por su aportaci\u00f3n en el crecimiento hist\u00f3rico de Guanajuato.<\/p>\n\n\n\n<p>\u201cUstedes hicieron que este Estado se pusiera de pie, que siguiera avanzando. Por eso yo a esta feria la llamo: la \u2018Feria del Agradecimiento\u2019, porque no hay otra palabra m\u00e1s grande para poderles decir a todas y todos ustedes; adultos de juventud acumulada, much\u00edsimas gracias por hacer de Guanajuato un Estado grande, un Estado pr\u00f3spero, gracias infinitas por todo lo que han hecho\u201d, dijo Adriana Ram\u00edrez Lozano.<\/p>\n\n\n\n<p><strong>#ElGuanajuatenseVIP &#8211; <\/strong><a href=\"https:\/\/www.facebook.com\/ElGuanajuatenseVIP\/\">El Guanajuatense VIP<\/a><\/p>\n\n\n\n<p><\/p>\n","protected":false},"excerpt":{"rendered":"<p>#GobiernoDeGuanajuato.- \u201cHoy los adultos mayores del Estado merecen ser reconocidos y darles el valor que tienen; ustedes no son una<\/p>\n","protected":false},"author":7,"featured_media":6934,"comment_status":"open","ping_status":"open","sticky":false,"template":"","format":"standard","meta":{"colormag_page_container_layout":"default_layout","colormag_page_sidebar_layout":"default_layout","rop_custom_images_group":[],"rop_custom_messages_group":[],"rop_publish_now":"initial","rop_publish_now_accounts":{"facebook_100397929117741_105998571690021":""},"rop_publish_now_history":[],"rop_publish_now_status":"pending","footnotes":""},"categories":[25],"tags":[37,31,45,42,30,33,38,157,156,165,158,39,40,41],"class_list":["post-6933","post","type-post","status-publish","format-standard","has-post-thumbnail","hentry","category-ultima-hora","tag-comunicacion-social-gobierno-de-guanajuato","tag-diego-sinhue-rodriguez","tag-el-guanajuatense-vip","tag-en-vivo","tag-guanajuato-gobierno-del-estado","tag-pan-guanajuato","tag-redes-sociales","tag-secretaria-de-economia","tag-secretaria-de-educacion-publica","tag-secretaria-del-medio-ambiente","tag-secretaria-del-trabajo-y-prevision-social","tag-ultima-hora","tag-ultimas-noticias","tag-ultimo-minuto"],"_links":{"self":[{"href":"https:\/\/elguanajuatense.vip\/index.php?rest_route=\/wp\/v2\/posts\/6933","targetHints":{"allow":["GET"]}}],"collection":[{"href":"https:\/\/elguanajuatense.vip\/index.php?rest_route=\/wp\/v2\/posts"}],"about":[{"href":"https:\/\/elguanajuatense.vip\/index.php?rest_route=\/wp\/v2\/types\/post"}],"author":[{"embeddable":true,"href":"https:\/\/elguanajuatense.vip\/index.php?rest_route=\/wp\/v2\/users\/7"}],"replies":[{"embeddable":true,"href":"https:\/\/elguanajuatense.vip\/index.php?rest_route=%2Fwp%2Fv2%2Fcomments&post=6933"}],"version-history":[{"count":1,"href":"https:\/\/elguanajuatense.vip\/index.php?rest_route=\/wp\/v2\/posts\/6933\/revisions"}],"predecessor-version":[{"id":6935,"href":"https:\/\/elguanajuatense.vip\/index.php?rest_route=\/wp\/v2\/posts\/6933\/revisions\/6935"}],"wp:featuredmedia":[{"embeddable":true,"href":"https:\/\/elguanajuatense.vip\/index.php?rest_route=\/wp\/v2\/media\/6934"}],"wp:attachment":[{"href":"https:\/\/elguanajuatense.vip\/index.php?rest_route=%2Fwp%2Fv2%2Fmedia&parent=6933"}],"wp:term":[{"taxonomy":"category","embeddable":true,"href":"https:\/\/elguanajuatense.vip\/index.php?rest_route=%2Fwp%2Fv2%2Fcategories&post=6933"},{"taxonomy":"post_tag","embeddable":true,"href":"https:\/\/elguanajuatense.vip\/index.php?rest_route=%2Fwp%2Fv2%2Ftags&post=6933"}],"curies":[{"name":"wp","href":"https:\/\/api.w.org\/{rel}","templated":true}]}}