{"id":7004,"date":"2023-08-10T13:45:37","date_gmt":"2023-08-10T19:45:37","guid":{"rendered":"http:\/\/elguanajuatense.vip\/?p=7004"},"modified":"2023-08-10T13:45:38","modified_gmt":"2023-08-10T19:45:38","slug":"disfrutan-ninos-de-irapuato-cursos-de-verano-en-cedecom-lorenaalfarog-irapuatogob","status":"publish","type":"post","link":"https:\/\/elguanajuatense.vip\/?p=7004","title":{"rendered":"Disfrutan ni\u00f1os de Irapuato cursos de verano en Cedecom \/ @LorenaAlfaroG @irapuatogob >>>"},"content":{"rendered":"\n<p><strong>#Irapuato, #Gto.-<\/strong> Alrededor de 500 ni\u00f1os y ni\u00f1as pasan incre\u00edbles vacaciones aprendiendo y jugando como parte de los Cursos de Verano que se llevan a cabo en los Centros de Desarrollo Comunitario (Cedecom).<\/p>\n\n\n\n<p>Estas actividades se desarrollan en los Centros Sociales ubicados en las colonias Pur\u00edsima del Jard\u00edn, Flores Mag\u00f3n Sur, San Juan de Retana, 24 de Abril y Apatzing\u00e1n.<\/p>\n\n\n\n<p>Liliana Flores Rodr\u00edguez, directora de Desarrollo Social y Humano, record\u00f3 que en estos espacios se han generado actividades deportivas, culturales y recreativas con las que busca dejar un mensaje positivo.<\/p>\n\n\n\n<p>\u201cDej\u00e1ndole un mensaje a los ni\u00f1os de lo importantes que son los valores y cuidar el medio ambiente, por supuesto, tambi\u00e9n el cuidado hacia nosotros mismos y el respeto hacia la persona\u201d, se\u00f1al\u00f3.<\/p>\n\n\n\n<p><strong>#ElGuanajuatenseVIP &#8211; <\/strong><a href=\"https:\/\/www.facebook.com\/ElGuanajuatenseVIP\/\">El Guanajuatense VIP<\/a><\/p>\n","protected":false},"excerpt":{"rendered":"<p>#Irapuato, #Gto.- Alrededor de 500 ni\u00f1os y ni\u00f1as pasan incre\u00edbles vacaciones aprendiendo y jugando como parte de los Cursos de<\/p>\n","protected":false},"author":7,"featured_media":7005,"comment_status":"open","ping_status":"open","sticky":false,"template":"","format":"standard","meta":{"colormag_page_container_layout":"default_layout","colormag_page_sidebar_layout":"default_layout","rop_custom_images_group":[],"rop_custom_messages_group":[],"rop_publish_now":"initial","rop_publish_now_accounts":{"facebook_100397929117741_105998571690021":""},"rop_publish_now_history":[],"rop_publish_now_status":"pending","footnotes":""},"categories":[28],"tags":[37,31,45,42,30,58,57,33,38,164,157,156,165,39,40,41],"class_list":["post-7004","post","type-post","status-publish","format-standard","has-post-thumbnail","hentry","category-alcaldesas","tag-comunicacion-social-gobierno-de-guanajuato","tag-diego-sinhue-rodriguez","tag-el-guanajuatense-vip","tag-en-vivo","tag-guanajuato-gobierno-del-estado","tag-irapuato","tag-lorena-alfaro-garcia","tag-pan-guanajuato","tag-redes-sociales","tag-secretaria-de-cultura","tag-secretaria-de-economia","tag-secretaria-de-educacion-publica","tag-secretaria-del-medio-ambiente","tag-ultima-hora","tag-ultimas-noticias","tag-ultimo-minuto"],"_links":{"self":[{"href":"https:\/\/elguanajuatense.vip\/index.php?rest_route=\/wp\/v2\/posts\/7004","targetHints":{"allow":["GET"]}}],"collection":[{"href":"https:\/\/elguanajuatense.vip\/index.php?rest_route=\/wp\/v2\/posts"}],"about":[{"href":"https:\/\/elguanajuatense.vip\/index.php?rest_route=\/wp\/v2\/types\/post"}],"author":[{"embeddable":true,"href":"https:\/\/elguanajuatense.vip\/index.php?rest_route=\/wp\/v2\/users\/7"}],"replies":[{"embeddable":true,"href":"https:\/\/elguanajuatense.vip\/index.php?rest_route=%2Fwp%2Fv2%2Fcomments&post=7004"}],"version-history":[{"count":1,"href":"https:\/\/elguanajuatense.vip\/index.php?rest_route=\/wp\/v2\/posts\/7004\/revisions"}],"predecessor-version":[{"id":7006,"href":"https:\/\/elguanajuatense.vip\/index.php?rest_route=\/wp\/v2\/posts\/7004\/revisions\/7006"}],"wp:featuredmedia":[{"embeddable":true,"href":"https:\/\/elguanajuatense.vip\/index.php?rest_route=\/wp\/v2\/media\/7005"}],"wp:attachment":[{"href":"https:\/\/elguanajuatense.vip\/index.php?rest_route=%2Fwp%2Fv2%2Fmedia&parent=7004"}],"wp:term":[{"taxonomy":"category","embeddable":true,"href":"https:\/\/elguanajuatense.vip\/index.php?rest_route=%2Fwp%2Fv2%2Fcategories&post=7004"},{"taxonomy":"post_tag","embeddable":true,"href":"https:\/\/elguanajuatense.vip\/index.php?rest_route=%2Fwp%2Fv2%2Ftags&post=7004"}],"curies":[{"name":"wp","href":"https:\/\/api.w.org\/{rel}","templated":true}]}}