{"id":7029,"date":"2023-08-15T15:45:50","date_gmt":"2023-08-15T21:45:50","guid":{"rendered":"http:\/\/elguanajuatense.vip\/?p=7029"},"modified":"2023-08-15T15:45:52","modified_gmt":"2023-08-15T21:45:52","slug":"fortalece-alcaldesa-de-leon-ale-gutierrez-al-instituto-municipal-de-la-juventud-alegutierrez_mx-municipio_leo","status":"publish","type":"post","link":"https:\/\/elguanajuatense.vip\/?p=7029","title":{"rendered":"Fortalece alcaldesa de Le\u00f3n, Ale Guti\u00e9rrez, al Instituto Municipal de la Juventud \/ @AleGutierrez_mx @municipio_leo >>>"},"content":{"rendered":"\n<p><strong>#Le\u00f3n, #Gto.- <\/strong>En el marco del \u201cMes de las Juventudes\u201d que se celebra durante agosto, la presidenta municipal, Ale Guti\u00e9rrez, fortalece desde la ra\u00edz al Instituto Municipal de la Juventud.\u00a0<\/p>\n\n\n\n<p>En rueda de prensa, la alcaldesa explic\u00f3 que la juventud leonesa tiene causas que les mueven, por lo que deben aprovechar la voluntad de las personas para poder potenciar las pol\u00edticas p\u00fablicas a favor de este sector.<\/p>\n\n\n\n<p>\u201cNuestra juventud tiene causas que los mueven, todas son diferentes, pero tenemos que aprovechar esa voluntad y esa energ\u00eda para poderla potencializar, para realmente mover a esta ciudad.<\/p>\n\n\n\n<p>\u201cHoy queremos destacar la importancia de ellos como l\u00edderes en diferentes causas que est\u00e1n transformando vidas y nosotros estamos aqu\u00ed para ser una herramienta multiplicadora\u201d, afirm\u00f3.\u00a0<\/p>\n\n\n\n<p>Sobre la propuesta de reformas al Reglamento del Instituto Municipal de la Juventud, el regidor Hildeberto Moreno, explic\u00f3 que resultaba necesario homologar un marco normativo armonizado tras las reformas hechas a la Ley para las Juventudes en el Congreso del Estado aprobadas en 2022.<\/p>\n\n\n\n<p>\u201cPropusimos una iniciativa de reforma al Reglamento que incluye 58 nuevos art\u00edculos que ampl\u00edan el alcance que tiene el Instituto Municipal de la Juventud\u201d, manifest\u00f3 el edil.\u00a0<\/p>\n\n\n\n<p>Al respecto, el regidor Beto Moreno extendi\u00f3 una invitaci\u00f3n a universidades, asociaciones y j\u00f3venes que tengan propuestas que abonen al quehacer del Instituto y pidi\u00f3 hacerlas llegar para considerarlas en la nueva normativa.\u00a0<\/p>\n\n\n\n<p><strong>#ElGuanajuatenseVIP &#8211; <\/strong><a href=\"https:\/\/www.facebook.com\/ElGuanajuatenseVIP\/\">El Guanajuatense VIP<\/a><\/p>\n","protected":false},"excerpt":{"rendered":"<p>#Le\u00f3n, #Gto.- En el marco del \u201cMes de las Juventudes\u201d que se celebra durante agosto, la presidenta municipal, Ale Guti\u00e9rrez,<\/p>\n","protected":false},"author":7,"featured_media":7030,"comment_status":"open","ping_status":"open","sticky":false,"template":"","format":"standard","meta":{"colormag_page_container_layout":"default_layout","colormag_page_sidebar_layout":"default_layout","rop_custom_images_group":[],"rop_custom_messages_group":[],"rop_publish_now":"initial","rop_publish_now_accounts":{"facebook_100397929117741_105998571690021":""},"rop_publish_now_history":[],"rop_publish_now_status":"pending","footnotes":""},"categories":[28],"tags":[78,37,31,45,42,30,74,33,38,39,40,41],"class_list":["post-7029","post","type-post","status-publish","format-standard","has-post-thumbnail","hentry","category-alcaldesas","tag-alejandra-gutierrez-campos","tag-comunicacion-social-gobierno-de-guanajuato","tag-diego-sinhue-rodriguez","tag-el-guanajuatense-vip","tag-en-vivo","tag-guanajuato-gobierno-del-estado","tag-leon","tag-pan-guanajuato","tag-redes-sociales","tag-ultima-hora","tag-ultimas-noticias","tag-ultimo-minuto"],"_links":{"self":[{"href":"https:\/\/elguanajuatense.vip\/index.php?rest_route=\/wp\/v2\/posts\/7029","targetHints":{"allow":["GET"]}}],"collection":[{"href":"https:\/\/elguanajuatense.vip\/index.php?rest_route=\/wp\/v2\/posts"}],"about":[{"href":"https:\/\/elguanajuatense.vip\/index.php?rest_route=\/wp\/v2\/types\/post"}],"author":[{"embeddable":true,"href":"https:\/\/elguanajuatense.vip\/index.php?rest_route=\/wp\/v2\/users\/7"}],"replies":[{"embeddable":true,"href":"https:\/\/elguanajuatense.vip\/index.php?rest_route=%2Fwp%2Fv2%2Fcomments&post=7029"}],"version-history":[{"count":1,"href":"https:\/\/elguanajuatense.vip\/index.php?rest_route=\/wp\/v2\/posts\/7029\/revisions"}],"predecessor-version":[{"id":7031,"href":"https:\/\/elguanajuatense.vip\/index.php?rest_route=\/wp\/v2\/posts\/7029\/revisions\/7031"}],"wp:featuredmedia":[{"embeddable":true,"href":"https:\/\/elguanajuatense.vip\/index.php?rest_route=\/wp\/v2\/media\/7030"}],"wp:attachment":[{"href":"https:\/\/elguanajuatense.vip\/index.php?rest_route=%2Fwp%2Fv2%2Fmedia&parent=7029"}],"wp:term":[{"taxonomy":"category","embeddable":true,"href":"https:\/\/elguanajuatense.vip\/index.php?rest_route=%2Fwp%2Fv2%2Fcategories&post=7029"},{"taxonomy":"post_tag","embeddable":true,"href":"https:\/\/elguanajuatense.vip\/index.php?rest_route=%2Fwp%2Fv2%2Ftags&post=7029"}],"curies":[{"name":"wp","href":"https:\/\/api.w.org\/{rel}","templated":true}]}}