{"id":7045,"date":"2023-08-17T13:50:06","date_gmt":"2023-08-17T19:50:06","guid":{"rendered":"http:\/\/elguanajuatense.vip\/?p=7045"},"modified":"2023-08-17T13:50:08","modified_gmt":"2023-08-17T19:50:08","slug":"llevan-dif-celaya-y-cadena-comercial-oxxo-talleres-para-los-adultos-mayores-jmendozamarquez-municipiocelaya","status":"publish","type":"post","link":"https:\/\/elguanajuatense.vip\/?p=7045","title":{"rendered":"Llevan DIF Celaya y Cadena Comercial OXXO talleres para los adultos mayores \/ @jmendozamarquez @municipiocelaya >>>"},"content":{"rendered":"\n<p><strong>#Celaya, #Gto.<\/strong>&#8211; Para mejorar la calidad de vida de los adultos mayores que son atendidos en el Centro Gerontol\u00f3gico \u2018Casa D\u00eda\u2019, Cadena Comercial OXXO estar\u00e1 impartiendo talleres motivacionales y productivos, en el marco del mes del Adulto Mayor.<\/p>\n\n\n\n<p>\u201cEstamos muy agradecidos con Cadena Comercial OXXO por pensar en nuestros adultos mayores y acercar estas herramientas que sin duda les ser\u00e1n de gran utilidad, pues es tiempo ya de nosotros\u201d, expres\u00f3 Rosita Su\u00e1rez de Mendoza, presidenta del Patronato del Sistema para el Desarrollo Integral de la Familia (DIF) de Celaya, en su mensaje de bienvenida.<\/p>\n\n\n\n<p>Personal del equipo del \u00e1rea de Cultura, Comunicaci\u00f3n, Diversidad, Equidad, Inclusi\u00f3n y Responsabilidad Social de Cadena Comercial Oxxo Regi\u00f3n Quer\u00e9taro, a la cual pertenece Plaza Celaya, explic\u00f3 que \u00e9sta es la primera vez que se realizan estos talleres como parte de la responsabilidad social que tienen con los adultos mayores, eligiendo a Celaya para comenzar con la semana piloto.<\/p>\n\n\n\n<p>Es as\u00ed que desde el pasado lunes 14 de agosto iniciaron los talleres motivacionales en Casa D\u00eda y concluyen el 18 de agosto, donde los adultos mayores se mostraron muy entusiasmados.<\/p>\n\n\n\n<p>Posteriormente, del 25 al 29 de septiembre y del 13 al 17 de noviembre, se ofrecer\u00e1n talleres productivos como velas decorativas, pi\u00f1atas, postres y pintura, que les permitan generar un ingreso econ\u00f3mico si as\u00ed lo desean.<\/p>\n\n\n\n<p>Adem\u00e1s, el 19 de octubre se ofrecer\u00e1 una conferencia magistral denominada \u2018Contentura\u2019 con el creador de la Risaterapia en M\u00e9xico, Andr\u00e9s Aguilar.<\/p>\n\n\n\n<p>\u201cTodo ello para que nuestros adultos mayores de Celaya vivan mejor\u201d, finaliz\u00f3 la directora del Sistema DIF Celaya, Mar\u00eda del Carmen N\u00fa\u00f1ez Mares.<\/p>\n\n\n\n<p><strong>#ElGuanajuatenseVIP &#8211; <\/strong><a href=\"https:\/\/www.facebook.com\/ElGuanajuatenseVIP\/\">El Guanajuatense VIP<\/a><\/p>\n","protected":false},"excerpt":{"rendered":"<p>#Celaya, #Gto.&#8211; Para mejorar la calidad de vida de los adultos mayores que son atendidos en el Centro Gerontol\u00f3gico \u2018Casa<\/p>\n","protected":false},"author":7,"featured_media":7046,"comment_status":"open","ping_status":"open","sticky":false,"template":"","format":"standard","meta":{"colormag_page_container_layout":"default_layout","colormag_page_sidebar_layout":"default_layout","rop_custom_images_group":[],"rop_custom_messages_group":[],"rop_publish_now":"initial","rop_publish_now_accounts":{"facebook_100397929117741_105998571690021":""},"rop_publish_now_history":[],"rop_publish_now_status":"pending","footnotes":""},"categories":[27],"tags":[37,31,45,42,30,105,63,33,38,39,40,41],"class_list":["post-7045","post","type-post","status-publish","format-standard","has-post-thumbnail","hentry","category-municipios-destacados","tag-comunicacion-social-gobierno-de-guanajuato","tag-diego-sinhue-rodriguez","tag-el-guanajuatense-vip","tag-en-vivo","tag-guanajuato-gobierno-del-estado","tag-javier-mendoza-marquez","tag-municipio-de-celaya","tag-pan-guanajuato","tag-redes-sociales","tag-ultima-hora","tag-ultimas-noticias","tag-ultimo-minuto"],"_links":{"self":[{"href":"https:\/\/elguanajuatense.vip\/index.php?rest_route=\/wp\/v2\/posts\/7045","targetHints":{"allow":["GET"]}}],"collection":[{"href":"https:\/\/elguanajuatense.vip\/index.php?rest_route=\/wp\/v2\/posts"}],"about":[{"href":"https:\/\/elguanajuatense.vip\/index.php?rest_route=\/wp\/v2\/types\/post"}],"author":[{"embeddable":true,"href":"https:\/\/elguanajuatense.vip\/index.php?rest_route=\/wp\/v2\/users\/7"}],"replies":[{"embeddable":true,"href":"https:\/\/elguanajuatense.vip\/index.php?rest_route=%2Fwp%2Fv2%2Fcomments&post=7045"}],"version-history":[{"count":1,"href":"https:\/\/elguanajuatense.vip\/index.php?rest_route=\/wp\/v2\/posts\/7045\/revisions"}],"predecessor-version":[{"id":7047,"href":"https:\/\/elguanajuatense.vip\/index.php?rest_route=\/wp\/v2\/posts\/7045\/revisions\/7047"}],"wp:featuredmedia":[{"embeddable":true,"href":"https:\/\/elguanajuatense.vip\/index.php?rest_route=\/wp\/v2\/media\/7046"}],"wp:attachment":[{"href":"https:\/\/elguanajuatense.vip\/index.php?rest_route=%2Fwp%2Fv2%2Fmedia&parent=7045"}],"wp:term":[{"taxonomy":"category","embeddable":true,"href":"https:\/\/elguanajuatense.vip\/index.php?rest_route=%2Fwp%2Fv2%2Fcategories&post=7045"},{"taxonomy":"post_tag","embeddable":true,"href":"https:\/\/elguanajuatense.vip\/index.php?rest_route=%2Fwp%2Fv2%2Ftags&post=7045"}],"curies":[{"name":"wp","href":"https:\/\/api.w.org\/{rel}","templated":true}]}}