{"id":7068,"date":"2023-08-17T14:55:54","date_gmt":"2023-08-17T20:55:54","guid":{"rendered":"http:\/\/elguanajuatense.vip\/?p=7068"},"modified":"2023-08-17T14:55:55","modified_gmt":"2023-08-17T20:55:55","slug":"se-reunio-sindico-rodrigo-martinez-con-autoridades-educativas-estatales-para-integrar-a-guanajuato-capital-a-nueva-politica-anavarromx-guanajuatogob","status":"publish","type":"post","link":"https:\/\/elguanajuatense.vip\/?p=7068","title":{"rendered":"Se reuni\u00f3 sindico Rodrigo Mart\u00ednez con autoridades educativas estatales para integrar a Guanajuato Capital a nueva pol\u00edtica \/ @ANavarroMX @GuanajuatoGob >>>"},"content":{"rendered":"\n<p><strong>#Guanajuato, #Gto.-<\/strong> Se reuni\u00f3 el sindico Rodrigo Enrique Mart\u00ednez Nieto con las autoridades educativas estatales Secretar\u00eda de Educaci\u00f3n de Guanajuato SEG, Jorge Hern\u00e1ndez, para que Guanajuato Capital se integre a la nueva pol\u00edtica \u201cAgenda Transversal Educamos para La Paz\u201d<\/p>\n\n\n\n<p><strong>#ElGuanajuatenseVIP &#8211; <\/strong><a href=\"https:\/\/www.facebook.com\/ElGuanajuatenseVIP\/\">El Guanajuatense VIP<\/a><\/p>\n","protected":false},"excerpt":{"rendered":"<p>#Guanajuato, #Gto.- Se reuni\u00f3 el sindico Rodrigo Enrique Mart\u00ednez Nieto con las autoridades educativas estatales Secretar\u00eda de Educaci\u00f3n de Guanajuato<\/p>\n","protected":false},"author":7,"featured_media":7069,"comment_status":"open","ping_status":"open","sticky":false,"template":"","format":"standard","meta":{"colormag_page_container_layout":"default_layout","colormag_page_sidebar_layout":"default_layout","rop_custom_images_group":[],"rop_custom_messages_group":[],"rop_publish_now":"initial","rop_publish_now_accounts":{"facebook_100397929117741_105998571690021":""},"rop_publish_now_history":[],"rop_publish_now_status":"pending","footnotes":""},"categories":[171],"tags":[84,37,31,45,42,83,30,33,38,39,40,41],"class_list":["post-7068","post","type-post","status-publish","format-standard","has-post-thumbnail","hentry","category-legisladores","tag-alejandro-navarro-saldana","tag-comunicacion-social-gobierno-de-guanajuato","tag-diego-sinhue-rodriguez","tag-el-guanajuatense-vip","tag-en-vivo","tag-gobierno-municipal-de-guanajuato","tag-guanajuato-gobierno-del-estado","tag-pan-guanajuato","tag-redes-sociales","tag-ultima-hora","tag-ultimas-noticias","tag-ultimo-minuto"],"_links":{"self":[{"href":"https:\/\/elguanajuatense.vip\/index.php?rest_route=\/wp\/v2\/posts\/7068","targetHints":{"allow":["GET"]}}],"collection":[{"href":"https:\/\/elguanajuatense.vip\/index.php?rest_route=\/wp\/v2\/posts"}],"about":[{"href":"https:\/\/elguanajuatense.vip\/index.php?rest_route=\/wp\/v2\/types\/post"}],"author":[{"embeddable":true,"href":"https:\/\/elguanajuatense.vip\/index.php?rest_route=\/wp\/v2\/users\/7"}],"replies":[{"embeddable":true,"href":"https:\/\/elguanajuatense.vip\/index.php?rest_route=%2Fwp%2Fv2%2Fcomments&post=7068"}],"version-history":[{"count":1,"href":"https:\/\/elguanajuatense.vip\/index.php?rest_route=\/wp\/v2\/posts\/7068\/revisions"}],"predecessor-version":[{"id":7070,"href":"https:\/\/elguanajuatense.vip\/index.php?rest_route=\/wp\/v2\/posts\/7068\/revisions\/7070"}],"wp:featuredmedia":[{"embeddable":true,"href":"https:\/\/elguanajuatense.vip\/index.php?rest_route=\/wp\/v2\/media\/7069"}],"wp:attachment":[{"href":"https:\/\/elguanajuatense.vip\/index.php?rest_route=%2Fwp%2Fv2%2Fmedia&parent=7068"}],"wp:term":[{"taxonomy":"category","embeddable":true,"href":"https:\/\/elguanajuatense.vip\/index.php?rest_route=%2Fwp%2Fv2%2Fcategories&post=7068"},{"taxonomy":"post_tag","embeddable":true,"href":"https:\/\/elguanajuatense.vip\/index.php?rest_route=%2Fwp%2Fv2%2Ftags&post=7068"}],"curies":[{"name":"wp","href":"https:\/\/api.w.org\/{rel}","templated":true}]}}