{"id":7120,"date":"2023-08-24T14:07:33","date_gmt":"2023-08-24T20:07:33","guid":{"rendered":"http:\/\/elguanajuatense.vip\/?p=7120"},"modified":"2023-08-24T14:07:34","modified_gmt":"2023-08-24T20:07:34","slug":"concluyeron-policias-de-guanajuato-capital-el-curso-del-modelo-de-policia-de-investigacion-en-nuevo-leon-anavarromx-guanajuatogob","status":"publish","type":"post","link":"https:\/\/elguanajuatense.vip\/?p=7120","title":{"rendered":"Concluyeron polic\u00edas de Guanajuato Capital el curso del modelo de Polic\u00eda de Investigaci\u00f3n en Nuevo Le\u00f3n \/ @ANavarroMX @GuanajuatoGob >>>"},"content":{"rendered":"\n<p><strong>#Guanajuato, #Gto.- <\/strong>Polic\u00edas de Guanajuato Capital concluyeron el curso del modelo de Polic\u00eda de Investigaci\u00f3n en Nuevo Le\u00f3n, obteniendo competencias para trabajar en coordinaci\u00f3n con el Ministerio P\u00fablico y reforzar labores de investigaci\u00f3n criminal y procesamiento de evidencias.<\/p>\n\n\n\n<p>El municipio agradeci\u00f3 al encargado del Despacho de la Fiscal\u00eda General de Justicia de Nuevo Le\u00f3n, Pedro Jos\u00e9 Arce Jard\u00f3n, por el apoyo brindado.<\/p>\n\n\n\n<p><strong>#ElGuanajuatenseVIP &#8211; <\/strong><a href=\"https:\/\/www.facebook.com\/ElGuanajuatenseVIP\/\">El Guanajuatense VIP<\/a><\/p>\n","protected":false},"excerpt":{"rendered":"<p>#Guanajuato, #Gto.- Polic\u00edas de Guanajuato Capital concluyeron el curso del modelo de Polic\u00eda de Investigaci\u00f3n en Nuevo Le\u00f3n, obteniendo competencias<\/p>\n","protected":false},"author":7,"featured_media":7121,"comment_status":"open","ping_status":"open","sticky":false,"template":"","format":"standard","meta":{"colormag_page_container_layout":"default_layout","colormag_page_sidebar_layout":"default_layout","rop_custom_images_group":[],"rop_custom_messages_group":[],"rop_publish_now":"initial","rop_publish_now_accounts":{"facebook_100397929117741_105998571690021":""},"rop_publish_now_history":[],"rop_publish_now_status":"pending","footnotes":""},"categories":[27],"tags":[84,42,83,38,39,41],"class_list":["post-7120","post","type-post","status-publish","format-standard","has-post-thumbnail","hentry","category-municipios-destacados","tag-alejandro-navarro-saldana","tag-en-vivo","tag-gobierno-municipal-de-guanajuato","tag-redes-sociales","tag-ultima-hora","tag-ultimo-minuto"],"_links":{"self":[{"href":"https:\/\/elguanajuatense.vip\/index.php?rest_route=\/wp\/v2\/posts\/7120","targetHints":{"allow":["GET"]}}],"collection":[{"href":"https:\/\/elguanajuatense.vip\/index.php?rest_route=\/wp\/v2\/posts"}],"about":[{"href":"https:\/\/elguanajuatense.vip\/index.php?rest_route=\/wp\/v2\/types\/post"}],"author":[{"embeddable":true,"href":"https:\/\/elguanajuatense.vip\/index.php?rest_route=\/wp\/v2\/users\/7"}],"replies":[{"embeddable":true,"href":"https:\/\/elguanajuatense.vip\/index.php?rest_route=%2Fwp%2Fv2%2Fcomments&post=7120"}],"version-history":[{"count":1,"href":"https:\/\/elguanajuatense.vip\/index.php?rest_route=\/wp\/v2\/posts\/7120\/revisions"}],"predecessor-version":[{"id":7122,"href":"https:\/\/elguanajuatense.vip\/index.php?rest_route=\/wp\/v2\/posts\/7120\/revisions\/7122"}],"wp:featuredmedia":[{"embeddable":true,"href":"https:\/\/elguanajuatense.vip\/index.php?rest_route=\/wp\/v2\/media\/7121"}],"wp:attachment":[{"href":"https:\/\/elguanajuatense.vip\/index.php?rest_route=%2Fwp%2Fv2%2Fmedia&parent=7120"}],"wp:term":[{"taxonomy":"category","embeddable":true,"href":"https:\/\/elguanajuatense.vip\/index.php?rest_route=%2Fwp%2Fv2%2Fcategories&post=7120"},{"taxonomy":"post_tag","embeddable":true,"href":"https:\/\/elguanajuatense.vip\/index.php?rest_route=%2Fwp%2Fv2%2Ftags&post=7120"}],"curies":[{"name":"wp","href":"https:\/\/api.w.org\/{rel}","templated":true}]}}