{"id":7132,"date":"2023-08-24T14:20:16","date_gmt":"2023-08-24T20:20:16","guid":{"rendered":"http:\/\/elguanajuatense.vip\/?p=7132"},"modified":"2023-08-24T14:20:17","modified_gmt":"2023-08-24T20:20:17","slug":"alberga-inforum-irapuato-primera-expo-ingenieria-e-infraestructura-bajio-lorenaalfarog-irapuatogob","status":"publish","type":"post","link":"https:\/\/elguanajuatense.vip\/?p=7132","title":{"rendered":"Alberga Inforum Irapuato primera Expo Ingenier\u00eda e Infraestructura Baj\u00edo \/ @LorenaAlfaroG @irapuatogob >>>"},"content":{"rendered":"\n<p><strong>#Irapuato, #Gto.- <\/strong>El Inforum Irapuato es sede de la primera edici\u00f3n de Expo Ingenier\u00eda e Infraestructura Baj\u00edo, que se lleva a cabo del 24 al 26 de agosto y contar\u00e1 con ponencias, expositores y mucho m\u00e1s.<\/p>\n\n\n\n<p>En representaci\u00f3n de la presidenta municipal, Lorena Alfaro Garc\u00eda, la segunda s\u00edndico del Ayuntamiento, Liliana P\u00e9rez Mares, reconoci\u00f3 la gran labor de las y los ingenieros civiles en Irapuato, pues con su trabajo impactan directamente en la movilidad, el crecimiento y la convivencia arm\u00f3nica de la ciudad.<\/p>\n\n\n\n<p>\u201cEs por eso que reconocemos las aportaciones que realizan las y los ingenieros civiles al crecimiento de nuestra entidad, a trav\u00e9s de la profesi\u00f3n que ejercen. Reconozco a todo el gremio, as\u00ed como a las y los promotores de esta primer expo, que congrega al sector de la construcci\u00f3n, autoridades gubernamentales, instituciones educativas, estudiantes, c\u00e1maras, colegios de profesionistas, proveedores de la industria, entre otros participantes\u201d, detall\u00f3.<\/p>\n\n\n\n<p>Gustavo Morales Ayala, presidente del Colegio de Ingenieros Civiles de Irapuato, agradeci\u00f3 el apoyo recibido por parte de las autoridades municipales, pues la generaci\u00f3n de eventos, como esta primera Expo, contribuye a la generaci\u00f3n de un directorio de proveedores de distintas especialidades, que van desde estudios de factibilidad, desarrollo de anteproyectos, an\u00e1lisis costo-beneficio, proyecto ejecutivo y mucho m\u00e1s.<\/p>\n\n\n\n<p><strong>#ElGuanajuatenseVIP &#8211; <\/strong><a href=\"https:\/\/www.facebook.com\/ElGuanajuatenseVIP\/\">El Guanajuatense VIP<\/a><\/p>\n","protected":false},"excerpt":{"rendered":"<p>#Irapuato, #Gto.- El Inforum Irapuato es sede de la primera edici\u00f3n de Expo Ingenier\u00eda e Infraestructura Baj\u00edo, que se lleva<\/p>\n","protected":false},"author":7,"featured_media":7133,"comment_status":"open","ping_status":"open","sticky":false,"template":"","format":"standard","meta":{"colormag_page_container_layout":"default_layout","colormag_page_sidebar_layout":"default_layout","rop_custom_images_group":[],"rop_custom_messages_group":[],"rop_publish_now":"initial","rop_publish_now_accounts":{"facebook_100397929117741_105998571690021":""},"rop_publish_now_history":[],"rop_publish_now_status":"pending","footnotes":""},"categories":[28],"tags":[42,59,57,38,39,41],"class_list":["post-7132","post","type-post","status-publish","format-standard","has-post-thumbnail","hentry","category-alcaldesas","tag-en-vivo","tag-gobierno-de-irapuato","tag-lorena-alfaro-garcia","tag-redes-sociales","tag-ultima-hora","tag-ultimo-minuto"],"_links":{"self":[{"href":"https:\/\/elguanajuatense.vip\/index.php?rest_route=\/wp\/v2\/posts\/7132","targetHints":{"allow":["GET"]}}],"collection":[{"href":"https:\/\/elguanajuatense.vip\/index.php?rest_route=\/wp\/v2\/posts"}],"about":[{"href":"https:\/\/elguanajuatense.vip\/index.php?rest_route=\/wp\/v2\/types\/post"}],"author":[{"embeddable":true,"href":"https:\/\/elguanajuatense.vip\/index.php?rest_route=\/wp\/v2\/users\/7"}],"replies":[{"embeddable":true,"href":"https:\/\/elguanajuatense.vip\/index.php?rest_route=%2Fwp%2Fv2%2Fcomments&post=7132"}],"version-history":[{"count":1,"href":"https:\/\/elguanajuatense.vip\/index.php?rest_route=\/wp\/v2\/posts\/7132\/revisions"}],"predecessor-version":[{"id":7134,"href":"https:\/\/elguanajuatense.vip\/index.php?rest_route=\/wp\/v2\/posts\/7132\/revisions\/7134"}],"wp:featuredmedia":[{"embeddable":true,"href":"https:\/\/elguanajuatense.vip\/index.php?rest_route=\/wp\/v2\/media\/7133"}],"wp:attachment":[{"href":"https:\/\/elguanajuatense.vip\/index.php?rest_route=%2Fwp%2Fv2%2Fmedia&parent=7132"}],"wp:term":[{"taxonomy":"category","embeddable":true,"href":"https:\/\/elguanajuatense.vip\/index.php?rest_route=%2Fwp%2Fv2%2Fcategories&post=7132"},{"taxonomy":"post_tag","embeddable":true,"href":"https:\/\/elguanajuatense.vip\/index.php?rest_route=%2Fwp%2Fv2%2Ftags&post=7132"}],"curies":[{"name":"wp","href":"https:\/\/api.w.org\/{rel}","templated":true}]}}