{"id":7274,"date":"2023-09-12T16:20:55","date_gmt":"2023-09-12T22:20:55","guid":{"rendered":"http:\/\/elguanajuatense.vip\/?p=7274"},"modified":"2023-09-12T16:20:56","modified_gmt":"2023-09-12T22:20:56","slug":"ofrece-nestle-plazas-de-trabajo-para-habitantes-de-silao-carlitosgarciav-silaomunicipio","status":"publish","type":"post","link":"https:\/\/elguanajuatense.vip\/?p=7274","title":{"rendered":"Ofrece Nestl\u00e9 plazas de trabajo para habitantes de Silao \/ @carlitosgarciav @SilaoMunicipio >>>"},"content":{"rendered":"\n<p id=\"viewer-foo\"><strong>#Silao, #Gto.-<\/strong> Como resultado de las gestiones realizadas entre el sector empresarial y la Direcci\u00f3n de Desarrollo Econ\u00f3mico y Turismo, se ofrecer\u00e1n 100 plazas de trabajo por parte de la empresa Nestl\u00e9 Purina, las cuales beneficiar\u00e1n a silaoenses en el \u00e1mbito laboral.<\/p>\n\n\n\n<p id=\"viewer-ovtn\">Durante esta administraci\u00f3n se procura abarcar de manera integral, todos los \u00e1mbitos que beneficien a la ciudadan\u00eda, facilitando puestos de trabajo, uno de los aspectos m\u00e1s importantes y que se gestiona para el positivo crecimiento econ\u00f3mico de cada familia en el territorio.<\/p>\n\n\n\n<p id=\"viewer-5nb7\">El objetivo de esta y otras ferias laborales, adem\u00e1s de las actividades de reclutamiento masivo, es conservar las oportunidades de trabajo para los mismos silaoenses, generando m\u00e1s beneficios internos que hagan crecer paralelamente a ambos sectores.<\/p>\n\n\n\n<p id=\"viewer-e4vjv\">Este reclutamiento ser\u00e1 realizado en las oficinas municipales ubicadas en las antiguas instalaciones de la feria, en un horario de 9:00 am a 13:00 pm, en la que se espera la presencia de m\u00e1s de 100 personas que puedan ser evaluadas a trav\u00e9s de los filtros establecidos como parte de los procesos de selecci\u00f3n por parte de la empresa en cuesti\u00f3n.<\/p>\n\n\n\n<p><strong>#ElGuanajuatenseVIP &#8211; <\/strong><a href=\"https:\/\/www.facebook.com\/ElGuanajuatenseVIP\/\">El Guanajuatense VIP<\/a><\/p>\n","protected":false},"excerpt":{"rendered":"<p>#Silao, #Gto.- Como resultado de las gestiones realizadas entre el sector empresarial y la Direcci\u00f3n de Desarrollo Econ\u00f3mico y Turismo,<\/p>\n","protected":false},"author":7,"featured_media":7275,"comment_status":"open","ping_status":"open","sticky":false,"template":"","format":"standard","meta":{"colormag_page_container_layout":"default_layout","colormag_page_sidebar_layout":"default_layout","rop_custom_images_group":[],"rop_custom_messages_group":[],"rop_publish_now":"initial","rop_publish_now_accounts":{"facebook_100397929117741_105998571690021":""},"rop_publish_now_history":[],"rop_publish_now_status":"pending","footnotes":""},"categories":[26],"tags":[89,42,88,39,41],"class_list":["post-7274","post","type-post","status-publish","format-standard","has-post-thumbnail","hentry","category-municipios","tag-carlos-garcia-villasenor","tag-en-vivo","tag-silao-municipio","tag-ultima-hora","tag-ultimo-minuto"],"_links":{"self":[{"href":"https:\/\/elguanajuatense.vip\/index.php?rest_route=\/wp\/v2\/posts\/7274","targetHints":{"allow":["GET"]}}],"collection":[{"href":"https:\/\/elguanajuatense.vip\/index.php?rest_route=\/wp\/v2\/posts"}],"about":[{"href":"https:\/\/elguanajuatense.vip\/index.php?rest_route=\/wp\/v2\/types\/post"}],"author":[{"embeddable":true,"href":"https:\/\/elguanajuatense.vip\/index.php?rest_route=\/wp\/v2\/users\/7"}],"replies":[{"embeddable":true,"href":"https:\/\/elguanajuatense.vip\/index.php?rest_route=%2Fwp%2Fv2%2Fcomments&post=7274"}],"version-history":[{"count":1,"href":"https:\/\/elguanajuatense.vip\/index.php?rest_route=\/wp\/v2\/posts\/7274\/revisions"}],"predecessor-version":[{"id":7276,"href":"https:\/\/elguanajuatense.vip\/index.php?rest_route=\/wp\/v2\/posts\/7274\/revisions\/7276"}],"wp:featuredmedia":[{"embeddable":true,"href":"https:\/\/elguanajuatense.vip\/index.php?rest_route=\/wp\/v2\/media\/7275"}],"wp:attachment":[{"href":"https:\/\/elguanajuatense.vip\/index.php?rest_route=%2Fwp%2Fv2%2Fmedia&parent=7274"}],"wp:term":[{"taxonomy":"category","embeddable":true,"href":"https:\/\/elguanajuatense.vip\/index.php?rest_route=%2Fwp%2Fv2%2Fcategories&post=7274"},{"taxonomy":"post_tag","embeddable":true,"href":"https:\/\/elguanajuatense.vip\/index.php?rest_route=%2Fwp%2Fv2%2Ftags&post=7274"}],"curies":[{"name":"wp","href":"https:\/\/api.w.org\/{rel}","templated":true}]}}