{"id":7281,"date":"2023-09-12T16:45:11","date_gmt":"2023-09-12T22:45:11","guid":{"rendered":"http:\/\/elguanajuatense.vip\/?p=7281"},"modified":"2023-09-12T16:45:12","modified_gmt":"2023-09-12T22:45:12","slug":"entrego-el-sindico-de-guanajuato-capital-rodrigo-martinez-premio-municipal-de-la-juventud-2023-anavarromx-guanajuatogob-guanajuatogob","status":"publish","type":"post","link":"https:\/\/elguanajuatense.vip\/?p=7281","title":{"rendered":"Entreg\u00f3 el sindico de Guanajuato Capital, Rodr\u00edgo Mart\u00ednez, Premio Municipal de la Juventud 2023 \/ @ANavarroMX @GuanajuatoGob >>>@GuanajuatoGob >>>"},"content":{"rendered":"\n<p><strong>#Guanajuato, #Gto.- <\/strong>El sindico de Guanajuato Capital, Rodr\u00edgo Enrique Mart\u00ednez Nieto, hizo la entrega del Premio Municipal de la Juventud 2023.<\/p>\n\n\n\n<p>\u00abPorque tambi\u00e9n hay que reconocer a los j\u00f3venes guanajuatenses que est\u00e1n generando impactos positivos en sus familias, barrios y comunidades\u00bb<\/p>\n\n\n\n<p>\u00abQue este premio sea un est\u00edmulo para que sepan que valoramos enormemente que ofrezcan sus talentos, tiempo y coraz\u00f3n  al servicio de los dem\u00e1s\u00bb coment\u00f3 el sindico.<\/p>\n\n\n\n<p>Los premios quedaron de la siguiente manera:<\/p>\n\n\n\n<p>* Luis Hern\u00e1ndez &#8211; Compromiso Social <\/p>\n\n\n\n<p>* Perla Olmos &#8211; Cultura e Innovaci\u00f3n <\/p>\n\n\n\n<p>* Consuelo Aguayo &#8211; Excelencia Acad\u00e9mica y Acciones Ciudadanas J\u00f3venes<\/p>\n\n\n\n<p>* Daniela Salas &#8211; Protecci\u00f3n al Ambiente <\/p>\n\n\n\n<p><strong>#ElGuanajuatenseVIP &#8211; <\/strong><a href=\"https:\/\/www.facebook.com\/ElGuanajuatenseVIP\/\">El Guanajuatense VIP<\/a><\/p>\n","protected":false},"excerpt":{"rendered":"<p>#Guanajuato, #Gto.- El sindico de Guanajuato Capital, Rodr\u00edgo Enrique Mart\u00ednez Nieto, hizo la entrega del Premio Municipal de la Juventud<\/p>\n","protected":false},"author":7,"featured_media":7282,"comment_status":"open","ping_status":"open","sticky":false,"template":"","format":"standard","meta":{"colormag_page_container_layout":"default_layout","colormag_page_sidebar_layout":"default_layout","rop_custom_images_group":[],"rop_custom_messages_group":[],"rop_publish_now":"initial","rop_publish_now_accounts":{"facebook_100397929117741_105998571690021":""},"rop_publish_now_history":[],"rop_publish_now_status":"pending","footnotes":""},"categories":[171],"tags":[84,42,83,39,41],"class_list":["post-7281","post","type-post","status-publish","format-standard","has-post-thumbnail","hentry","category-legisladores","tag-alejandro-navarro-saldana","tag-en-vivo","tag-gobierno-municipal-de-guanajuato","tag-ultima-hora","tag-ultimo-minuto"],"_links":{"self":[{"href":"https:\/\/elguanajuatense.vip\/index.php?rest_route=\/wp\/v2\/posts\/7281","targetHints":{"allow":["GET"]}}],"collection":[{"href":"https:\/\/elguanajuatense.vip\/index.php?rest_route=\/wp\/v2\/posts"}],"about":[{"href":"https:\/\/elguanajuatense.vip\/index.php?rest_route=\/wp\/v2\/types\/post"}],"author":[{"embeddable":true,"href":"https:\/\/elguanajuatense.vip\/index.php?rest_route=\/wp\/v2\/users\/7"}],"replies":[{"embeddable":true,"href":"https:\/\/elguanajuatense.vip\/index.php?rest_route=%2Fwp%2Fv2%2Fcomments&post=7281"}],"version-history":[{"count":1,"href":"https:\/\/elguanajuatense.vip\/index.php?rest_route=\/wp\/v2\/posts\/7281\/revisions"}],"predecessor-version":[{"id":7283,"href":"https:\/\/elguanajuatense.vip\/index.php?rest_route=\/wp\/v2\/posts\/7281\/revisions\/7283"}],"wp:featuredmedia":[{"embeddable":true,"href":"https:\/\/elguanajuatense.vip\/index.php?rest_route=\/wp\/v2\/media\/7282"}],"wp:attachment":[{"href":"https:\/\/elguanajuatense.vip\/index.php?rest_route=%2Fwp%2Fv2%2Fmedia&parent=7281"}],"wp:term":[{"taxonomy":"category","embeddable":true,"href":"https:\/\/elguanajuatense.vip\/index.php?rest_route=%2Fwp%2Fv2%2Fcategories&post=7281"},{"taxonomy":"post_tag","embeddable":true,"href":"https:\/\/elguanajuatense.vip\/index.php?rest_route=%2Fwp%2Fv2%2Ftags&post=7281"}],"curies":[{"name":"wp","href":"https:\/\/api.w.org\/{rel}","templated":true}]}}