{"id":7465,"date":"2023-10-05T18:23:05","date_gmt":"2023-10-06T00:23:05","guid":{"rendered":"http:\/\/elguanajuatense.vip\/?p=7465"},"modified":"2023-10-05T18:23:07","modified_gmt":"2023-10-06T00:23:07","slug":"guanajuato-comparte-practicas-educativas-implementadas-en-la-entidad-luego-de-la-pandemia-diegosinhue-gobiernogto","status":"publish","type":"post","link":"https:\/\/elguanajuatense.vip\/?p=7465","title":{"rendered":"Guanajuato comparte pr\u00e1cticas educativas implementadas en la entidad luego de la pandemia \/ @diegosinhue @gobiernogto >>>"},"content":{"rendered":"\n<p><strong>#GobiernoDeGuanajuato.-<\/strong> Al participar en el Congreso Internacional de\u00a0Alfabetizaci\u00f3n, Lectura y Escritura celebrado en la provincia de Mendoza, Argentina, Jorge Enrique Hern\u00e1ndez Meza, secretario de Educaci\u00f3n de Guanajuato, comparti\u00f3 las experiencias y pr\u00e1cticas implementadas en la entidad, luego de la pandemia.<\/p>\n\n\n\n<p>Sobre las estrategias que ha implementado Guanajuato para resarcir los da\u00f1os&nbsp;de&nbsp;la contingencia sanitaria, destac\u00f3 que la firma con el sector empresarial, acad\u00e9mico, social y gubernamental del Pacto Social por la Educaci\u00f3n, como la pol\u00edtica estatal que demuestra la necesidad e importancia de generar alianzas para hacer frente a los desaf\u00edos en el estado en materia&nbsp;de&nbsp;educaci\u00f3n.<\/p>\n\n\n\n<p>Dijo que esta pol\u00edtica, adem\u00e1s de contar con el acompa\u00f1amiento de la UNESCO, y el Banco Mundial, ha permitido que la comunidad educativa se involucre de manera activa en torno a cinco pilares que nos permiten reflexionar sobre la educaci\u00f3n como un tema prioritario y que no se puede trabajar de manera aislada como secretaria, sino que de manera conjunta es posible lograr un cambio&nbsp;sustantivo.<\/p>\n\n\n\n<p>La participaci\u00f3n de Jorge Enrique Hern\u00e1ndez se realiz\u00f3 dentro del Panel de Reflexi\u00f3n en el Espejo, en el que tambi\u00e9n participaron Mar\u00eda Brown, Ministra de Educaci\u00f3n de Ecuador; Miguel Sedoff, Ministro de Educaci\u00f3n y Misiones de Argentina; y Jaime Atilio Rodr\u00edguez, Subsecretario de Educaci\u00f3n&nbsp;de&nbsp;Honduras.<\/p>\n\n\n\n<p>El secretario de educaci\u00f3n de Guanajuato dijo que, en el \u00e1mbito de mejora continua, se ha generado una propuesta de evaluaci\u00f3n educativa local, avalada por el Banco Mundial, denominada Recopilaci\u00f3n de Informaci\u00f3n para la Mejora de los Aprendizajes (RIMA), cuyo enfoque es diagn\u00f3stico y formativo, se aplica de manera censal para todas y todos los estudiantes de escuelas p\u00fablicas y particulares, en educaci\u00f3n b\u00e1sica y m\u00e1s recientemente en media superior.<\/p>\n\n\n\n<p>Dijo que la evaluaci\u00f3n permiti\u00f3 medir el impacto de las clases a distancia e implementar estrategias para la recuperaci\u00f3n educativa; adem\u00e1s de que RIMA ha sido tomada como referente a nivel nacional e internacional.<\/p>\n\n\n\n<p><strong>#ElGuanajuatenseVIP &#8211; <\/strong><a href=\"https:\/\/www.facebook.com\/ElGuanajuatenseVIP\/\">El Guanajuatense VIP<\/a><\/p>\n","protected":false},"excerpt":{"rendered":"<p>#GobiernoDeGuanajuato.- Al participar en el Congreso Internacional de\u00a0Alfabetizaci\u00f3n, Lectura y Escritura celebrado en la provincia de Mendoza, Argentina, Jorge Enrique<\/p>\n","protected":false},"author":7,"featured_media":7466,"comment_status":"open","ping_status":"open","sticky":false,"template":"","format":"standard","meta":{"colormag_page_container_layout":"default_layout","colormag_page_sidebar_layout":"default_layout","rop_custom_images_group":[],"rop_custom_messages_group":[],"rop_publish_now":"initial","rop_publish_now_accounts":{"facebook_100397929117741_105998571690021":""},"rop_publish_now_history":[],"rop_publish_now_status":"pending","footnotes":""},"categories":[23],"tags":[31,42,30,39,41],"class_list":["post-7465","post","type-post","status-publish","format-standard","has-post-thumbnail","hentry","category-secretarias","tag-diego-sinhue-rodriguez","tag-en-vivo","tag-guanajuato-gobierno-del-estado","tag-ultima-hora","tag-ultimo-minuto"],"_links":{"self":[{"href":"https:\/\/elguanajuatense.vip\/index.php?rest_route=\/wp\/v2\/posts\/7465","targetHints":{"allow":["GET"]}}],"collection":[{"href":"https:\/\/elguanajuatense.vip\/index.php?rest_route=\/wp\/v2\/posts"}],"about":[{"href":"https:\/\/elguanajuatense.vip\/index.php?rest_route=\/wp\/v2\/types\/post"}],"author":[{"embeddable":true,"href":"https:\/\/elguanajuatense.vip\/index.php?rest_route=\/wp\/v2\/users\/7"}],"replies":[{"embeddable":true,"href":"https:\/\/elguanajuatense.vip\/index.php?rest_route=%2Fwp%2Fv2%2Fcomments&post=7465"}],"version-history":[{"count":1,"href":"https:\/\/elguanajuatense.vip\/index.php?rest_route=\/wp\/v2\/posts\/7465\/revisions"}],"predecessor-version":[{"id":7467,"href":"https:\/\/elguanajuatense.vip\/index.php?rest_route=\/wp\/v2\/posts\/7465\/revisions\/7467"}],"wp:featuredmedia":[{"embeddable":true,"href":"https:\/\/elguanajuatense.vip\/index.php?rest_route=\/wp\/v2\/media\/7466"}],"wp:attachment":[{"href":"https:\/\/elguanajuatense.vip\/index.php?rest_route=%2Fwp%2Fv2%2Fmedia&parent=7465"}],"wp:term":[{"taxonomy":"category","embeddable":true,"href":"https:\/\/elguanajuatense.vip\/index.php?rest_route=%2Fwp%2Fv2%2Fcategories&post=7465"},{"taxonomy":"post_tag","embeddable":true,"href":"https:\/\/elguanajuatense.vip\/index.php?rest_route=%2Fwp%2Fv2%2Ftags&post=7465"}],"curies":[{"name":"wp","href":"https:\/\/api.w.org\/{rel}","templated":true}]}}