{"id":7477,"date":"2023-10-05T18:40:02","date_gmt":"2023-10-06T00:40:02","guid":{"rendered":"http:\/\/elguanajuatense.vip\/?p=7477"},"modified":"2023-10-05T18:40:04","modified_gmt":"2023-10-06T00:40:04","slug":"presentan-actividades-de-cervantino-en-irapuato-lorenaalfarog-irapuatogob","status":"publish","type":"post","link":"https:\/\/elguanajuatense.vip\/?p=7477","title":{"rendered":"Presentan actividades de cervantino en Irapuato \/ @LorenaAlfaroG @irapuatogob >>>"},"content":{"rendered":"\n<p class=\"wp-block-paragraph\"><strong>#Irapuato, #Gto.- <\/strong>El Teatro de la Ciudad, el Museo Salvador Almaraz y el andador Sor Juana In\u00e9s de la Cruz, ser\u00e1n las sedes que albergar\u00e1n los eventos gratuitos que se llevar\u00e1n a cabo en Irapuato durante la edici\u00f3n 51 del Festival Internacional Cervantino.<\/p>\n\n\n\n<p class=\"wp-block-paragraph\">Lorena Alfaro Garc\u00eda, presidenta municipal, invit\u00f3 a las y los irapuatenses a disfrutar de la gran cartelera cultural con la que se contar\u00e1 del 16 al 27 de octubre de manera gratuita.<\/p>\n\n\n\n<p class=\"wp-block-paragraph\">\u201cEstos eventos adem\u00e1s de ayudarnos en el esparcimiento, la difusi\u00f3n de la cultura y el arte en nuestra ciudad, con nuestra gente, tambi\u00e9n van a ser un marco de fiesta para nuestro Centro Hist\u00f3rico\u201d, mencion\u00f3.<\/p>\n\n\n\n<p class=\"wp-block-paragraph\">Katia Nilo, directora de Producci\u00f3n y Programaci\u00f3n Cultural del Instituto Estatal de la Cultura de Guanajuato, destac\u00f3 la gran diversidad de contenidos con los que contar\u00e1 el FIC en Irapuato, entre los que destacan conciertos musicales y obras de teatro.<\/p>\n\n\n\n<p class=\"wp-block-paragraph\"><strong>#ElGuanajuatenseVIP &#8211; <\/strong><a href=\"https:\/\/www.facebook.com\/ElGuanajuatenseVIP\/\">El Guanajuatense VIP<\/a><\/p>\n","protected":false},"excerpt":{"rendered":"<p>#Irapuato, #Gto.- El Teatro de la Ciudad, el Museo Salvador Almaraz y el andador Sor Juana In\u00e9s de la Cruz,<\/p>\n","protected":false},"author":7,"featured_media":7478,"comment_status":"open","ping_status":"open","sticky":false,"template":"","format":"standard","meta":{"colormag_page_container_layout":"default_layout","colormag_page_sidebar_layout":"default_layout","rop_custom_images_group":[],"rop_custom_messages_group":[],"rop_publish_now":"initial","rop_publish_now_accounts":{"facebook_100397929117741_105998571690021":""},"rop_publish_now_history":[],"rop_publish_now_status":"pending","footnotes":""},"categories":[28],"tags":[42,59,57,39,41],"class_list":["post-7477","post","type-post","status-publish","format-standard","has-post-thumbnail","hentry","category-alcaldesas","tag-en-vivo","tag-gobierno-de-irapuato","tag-lorena-alfaro-garcia","tag-ultima-hora","tag-ultimo-minuto"],"_links":{"self":[{"href":"https:\/\/elguanajuatense.vip\/index.php?rest_route=\/wp\/v2\/posts\/7477","targetHints":{"allow":["GET"]}}],"collection":[{"href":"https:\/\/elguanajuatense.vip\/index.php?rest_route=\/wp\/v2\/posts"}],"about":[{"href":"https:\/\/elguanajuatense.vip\/index.php?rest_route=\/wp\/v2\/types\/post"}],"author":[{"embeddable":true,"href":"https:\/\/elguanajuatense.vip\/index.php?rest_route=\/wp\/v2\/users\/7"}],"replies":[{"embeddable":true,"href":"https:\/\/elguanajuatense.vip\/index.php?rest_route=%2Fwp%2Fv2%2Fcomments&post=7477"}],"version-history":[{"count":1,"href":"https:\/\/elguanajuatense.vip\/index.php?rest_route=\/wp\/v2\/posts\/7477\/revisions"}],"predecessor-version":[{"id":7479,"href":"https:\/\/elguanajuatense.vip\/index.php?rest_route=\/wp\/v2\/posts\/7477\/revisions\/7479"}],"wp:featuredmedia":[{"embeddable":true,"href":"https:\/\/elguanajuatense.vip\/index.php?rest_route=\/wp\/v2\/media\/7478"}],"wp:attachment":[{"href":"https:\/\/elguanajuatense.vip\/index.php?rest_route=%2Fwp%2Fv2%2Fmedia&parent=7477"}],"wp:term":[{"taxonomy":"category","embeddable":true,"href":"https:\/\/elguanajuatense.vip\/index.php?rest_route=%2Fwp%2Fv2%2Fcategories&post=7477"},{"taxonomy":"post_tag","embeddable":true,"href":"https:\/\/elguanajuatense.vip\/index.php?rest_route=%2Fwp%2Fv2%2Ftags&post=7477"}],"curies":[{"name":"wp","href":"https:\/\/api.w.org\/{rel}","templated":true}]}}