{"id":7497,"date":"2023-10-10T19:26:19","date_gmt":"2023-10-11T01:26:19","guid":{"rendered":"http:\/\/elguanajuatense.vip\/?p=7497"},"modified":"2023-10-10T19:26:20","modified_gmt":"2023-10-11T01:26:20","slug":"reconoce-el-sabes-a-ganadores-del-xxxii-concurso-nacional-de-aparatos-y-experimentos-de-fisica-2023-diegosinhue-gobiernogto","status":"publish","type":"post","link":"https:\/\/elguanajuatense.vip\/?p=7497","title":{"rendered":"Reconoce el SABES a Ganadores del XXXII Concurso Nacional de Aparatos y Experimentos de F\u00edsica 2023 \/ @diegosinhue @gobiernogto >>>"},"content":{"rendered":"\n<p><strong>#GobiernoDeGuanajuato.-<\/strong> El Mtro. Alberto Diosdado, Director General del SABES, presidi\u00f3 la ceremonia de Reconocimiento a las y los Ganadores del XXXII Concurso Nacional de Aparatos y Experimentos de F\u00edsica 2023, la cual se llev\u00f3 a cabo en las instalaciones del Bachillerato SABES San Gabriel.<\/p>\n\n\n\n<p>Los reconocimientos fueron entregados a seis estudiantes y un docente del bachillerato San Gabriel por obtener medalla de oro, as\u00ed como a tres estudiantes y una docente del Plantel Santa Fe de la Pur\u00edsima que ganaron medalla de bronce, el pasado mes de septiembre en la ciudad de Zapopan, Jalisco.<\/p>\n\n\n\n<p>Durante la ceremonia, el Director General del SABES estuvo acompa\u00f1ado en pres\u00eddium por el Mtro. Jos\u00e9 de la Luz Mart\u00ednez Romero, Director General de Educaci\u00f3n Media Superior, en representaci\u00f3n del Mtro. Jorge Enrique Hern\u00e1ndez Meza, Secretario de Educaci\u00f3n de Guanajuato, el Lic. Omar Gregorio Mendoza Flores, Presidente Municipal de P\u00e9njamo, la Mtra. Lirio L\u00f3pez Herrera, Directora del Bachillerato SABES, la alumna \u00c1ngeles Yareli Prado Mart\u00ednez, representante de alumnos de equipos ganadores y el Prof. Ricardo Hern\u00e1ndez R\u00edos, Profesor y coach de equipo ganador.<\/p>\n\n\n\n<p>\u201cLa grandeza de este plantel se manifiesta con las acciones de sus alumnas y alumnos, acompa\u00f1ados desde luego con el apoyo de los maestros y padres de familia, la finalidad de nuestra instituci\u00f3n es prepararlos para que con su talento siempre den los mejores resultados. Hoy, con mucho orgullo digo, aqu\u00ed hay casta de valientes, porque con esto que hicieron nuestros estudiantes y maestros nos damos una idea muy clara de la grandeza que tienen los j\u00f3venes de Guanajuato\u201d, Expres\u00f3 el Mtro. Alberto Diosdado.<\/p>\n\n\n\n<p>\u201cEl SABES es el subsistema del c\u00f3mo s\u00ed, este gran bachillerato tiene el compromiso y brinda el acompa\u00f1amiento a sus j\u00f3venes, enhorabuena muchas felicidades, porque aqu\u00ed las cosas se est\u00e1n haciendo bien y eso se refleja en los resultados que a corto plazo genera esta nueva generaci\u00f3n de estudiantes. Sigamos teniendo mayor involucramiento, trabajemos todos como comunidad y como sociedad, para que Guanajuato siga siendo en conjunto con ustedes la grandeza de M\u00e9xico\u201d, se\u00f1al\u00f3 el Mtro. Jos\u00e9 de la Luz Mart\u00ednez Romero<\/p>\n\n\n\n<p><strong>#ElGuanajuatenseVIP &#8211; <\/strong><a href=\"https:\/\/www.facebook.com\/ElGuanajuatenseVIP\/\">El Guanajuatense VIP<\/a><\/p>\n\n\n\n<p><\/p>\n","protected":false},"excerpt":{"rendered":"<p>#GobiernoDeGuanajuato.- El Mtro. Alberto Diosdado, Director General del SABES, presidi\u00f3 la ceremonia de Reconocimiento a las y los Ganadores del<\/p>\n","protected":false},"author":7,"featured_media":7498,"comment_status":"open","ping_status":"open","sticky":false,"template":"","format":"standard","meta":{"colormag_page_container_layout":"default_layout","colormag_page_sidebar_layout":"default_layout","rop_custom_images_group":[],"rop_custom_messages_group":[],"rop_publish_now":"initial","rop_publish_now_accounts":{"facebook_100397929117741_105998571690021":""},"rop_publish_now_history":[],"rop_publish_now_status":"pending","footnotes":""},"categories":[23],"tags":[31,42,30,39,41],"class_list":["post-7497","post","type-post","status-publish","format-standard","has-post-thumbnail","hentry","category-secretarias","tag-diego-sinhue-rodriguez","tag-en-vivo","tag-guanajuato-gobierno-del-estado","tag-ultima-hora","tag-ultimo-minuto"],"_links":{"self":[{"href":"https:\/\/elguanajuatense.vip\/index.php?rest_route=\/wp\/v2\/posts\/7497","targetHints":{"allow":["GET"]}}],"collection":[{"href":"https:\/\/elguanajuatense.vip\/index.php?rest_route=\/wp\/v2\/posts"}],"about":[{"href":"https:\/\/elguanajuatense.vip\/index.php?rest_route=\/wp\/v2\/types\/post"}],"author":[{"embeddable":true,"href":"https:\/\/elguanajuatense.vip\/index.php?rest_route=\/wp\/v2\/users\/7"}],"replies":[{"embeddable":true,"href":"https:\/\/elguanajuatense.vip\/index.php?rest_route=%2Fwp%2Fv2%2Fcomments&post=7497"}],"version-history":[{"count":1,"href":"https:\/\/elguanajuatense.vip\/index.php?rest_route=\/wp\/v2\/posts\/7497\/revisions"}],"predecessor-version":[{"id":7499,"href":"https:\/\/elguanajuatense.vip\/index.php?rest_route=\/wp\/v2\/posts\/7497\/revisions\/7499"}],"wp:featuredmedia":[{"embeddable":true,"href":"https:\/\/elguanajuatense.vip\/index.php?rest_route=\/wp\/v2\/media\/7498"}],"wp:attachment":[{"href":"https:\/\/elguanajuatense.vip\/index.php?rest_route=%2Fwp%2Fv2%2Fmedia&parent=7497"}],"wp:term":[{"taxonomy":"category","embeddable":true,"href":"https:\/\/elguanajuatense.vip\/index.php?rest_route=%2Fwp%2Fv2%2Fcategories&post=7497"},{"taxonomy":"post_tag","embeddable":true,"href":"https:\/\/elguanajuatense.vip\/index.php?rest_route=%2Fwp%2Fv2%2Ftags&post=7497"}],"curies":[{"name":"wp","href":"https:\/\/api.w.org\/{rel}","templated":true}]}}