{"id":7517,"date":"2023-10-17T18:49:53","date_gmt":"2023-10-18T00:49:53","guid":{"rendered":"http:\/\/elguanajuatense.vip\/?p=7517"},"modified":"2023-10-17T18:49:54","modified_gmt":"2023-10-18T00:49:54","slug":"mexico-trabaja-en-rescate-de-mexicanos-en-conflicto-israel-palestina-lopezobrador_-gobiernomx","status":"publish","type":"post","link":"https:\/\/elguanajuatense.vip\/?p=7517","title":{"rendered":"M\u00e9xico trabaja en rescate de mexicanos en conflicto Israel-Palestina \/ @lopezobrador_ @GobiernoMX >>>"},"content":{"rendered":"\n<p><strong>#GobiernoDeM\u00e9xico.- <\/strong>El presidente Andr\u00e9s Manuel L\u00f3pez Obrador afirm\u00f3 que el Gobierno de M\u00e9xico mantiene comunicaci\u00f3n con los gobiernos y organizaciones correspondientes para rescatar a dos mexicanos presuntamente tomados como rehenes en el conflicto Israel-Palestina, iniciado el pasado 7 de octubre.\u00a0\u00a0\u00a0<\/p>\n\n\n\n<p>\u201cQueremos salvar las vidas de estas dos personas, pero estamos hablando con todos, no s\u00f3lo con una parte. Incluso no tenemos nada todav\u00eda en firme, estamos haciendo un trabajo que requiere, tambi\u00e9n en este caso, de sigilo y de actuar con mucha responsabilidad\u201d, subray\u00f3.<\/p>\n\n\n\n<p>En conferencia de prensa matutina reiter\u00f3 la postura de M\u00e9xico a favor de la soluci\u00f3n pac\u00edfica, tal como lo establece la Constituci\u00f3n Pol\u00edtica de los Estados Unidos Mexicanos.<\/p>\n\n\n\n<p>\u201cM\u00e9xico est\u00e1 en contra de las guerras; nosotros estamos a favor de la paz, esa fue nuestra postura\u201d, acot\u00f3.<\/p>\n\n\n\n<p>Insisti\u00f3 en que la Organizaci\u00f3n de las Naciones Unidas (ONU) debe tomar un papel protag\u00f3nico de mediaci\u00f3n.<\/p>\n\n\n\n<p>\u201cLo \u00fanico que plante\u00e9 y creo que puede ayudar, desde luego es una opini\u00f3n respetuosa, es que se convoque a una reuni\u00f3n urgente, extraordinaria a la Asamblea de Naciones Unidas para conseguir la paz, para evitar la p\u00e9rdida de vidas humanas, de ciudadanos, de gente inocente, porque eso es lo m\u00e1s importante\u201d, expres\u00f3.<\/p>\n\n\n\n<p><strong>#ElGuanajuatenseVIP &#8211; <\/strong><a href=\"https:\/\/www.facebook.com\/ElGuanajuatenseVIP\/\">El Guanajuatense VIP<\/a><\/p>\n","protected":false},"excerpt":{"rendered":"<p>#GobiernoDeM\u00e9xico.- El presidente Andr\u00e9s Manuel L\u00f3pez Obrador afirm\u00f3 que el Gobierno de M\u00e9xico mantiene comunicaci\u00f3n con los gobiernos y organizaciones<\/p>\n","protected":false},"author":7,"featured_media":7518,"comment_status":"open","ping_status":"open","sticky":false,"template":"","format":"standard","meta":{"colormag_page_container_layout":"default_layout","colormag_page_sidebar_layout":"default_layout","rop_custom_images_group":[],"rop_custom_messages_group":[],"rop_publish_now":"initial","rop_publish_now_accounts":{"facebook_100397929117741_105998571690021":""},"rop_publish_now_history":[],"rop_publish_now_status":"pending","footnotes":""},"categories":[7],"tags":[48,42,47,39,41],"class_list":["post-7517","post","type-post","status-publish","format-standard","has-post-thumbnail","hentry","category-principales","tag-andres-manuel-lopez-obrador","tag-en-vivo","tag-gobierno-de-mexico","tag-ultima-hora","tag-ultimo-minuto"],"_links":{"self":[{"href":"https:\/\/elguanajuatense.vip\/index.php?rest_route=\/wp\/v2\/posts\/7517","targetHints":{"allow":["GET"]}}],"collection":[{"href":"https:\/\/elguanajuatense.vip\/index.php?rest_route=\/wp\/v2\/posts"}],"about":[{"href":"https:\/\/elguanajuatense.vip\/index.php?rest_route=\/wp\/v2\/types\/post"}],"author":[{"embeddable":true,"href":"https:\/\/elguanajuatense.vip\/index.php?rest_route=\/wp\/v2\/users\/7"}],"replies":[{"embeddable":true,"href":"https:\/\/elguanajuatense.vip\/index.php?rest_route=%2Fwp%2Fv2%2Fcomments&post=7517"}],"version-history":[{"count":1,"href":"https:\/\/elguanajuatense.vip\/index.php?rest_route=\/wp\/v2\/posts\/7517\/revisions"}],"predecessor-version":[{"id":7519,"href":"https:\/\/elguanajuatense.vip\/index.php?rest_route=\/wp\/v2\/posts\/7517\/revisions\/7519"}],"wp:featuredmedia":[{"embeddable":true,"href":"https:\/\/elguanajuatense.vip\/index.php?rest_route=\/wp\/v2\/media\/7518"}],"wp:attachment":[{"href":"https:\/\/elguanajuatense.vip\/index.php?rest_route=%2Fwp%2Fv2%2Fmedia&parent=7517"}],"wp:term":[{"taxonomy":"category","embeddable":true,"href":"https:\/\/elguanajuatense.vip\/index.php?rest_route=%2Fwp%2Fv2%2Fcategories&post=7517"},{"taxonomy":"post_tag","embeddable":true,"href":"https:\/\/elguanajuatense.vip\/index.php?rest_route=%2Fwp%2Fv2%2Ftags&post=7517"}],"curies":[{"name":"wp","href":"https:\/\/api.w.org\/{rel}","templated":true}]}}