{"id":7520,"date":"2023-10-17T18:51:40","date_gmt":"2023-10-18T00:51:40","guid":{"rendered":"http:\/\/elguanajuatense.vip\/?p=7520"},"modified":"2023-10-17T18:51:41","modified_gmt":"2023-10-18T00:51:41","slug":"policia-municipal-de-salamanca-refuerza-su-presencia-en-instituciones-educativas-jcesarprieto-gobsalamanca","status":"publish","type":"post","link":"https:\/\/elguanajuatense.vip\/?p=7520","title":{"rendered":"Polic\u00eda municipal de Salamanca refuerza su presencia en instituciones educativas \/ @JCesarPrieto @GobSalamanca >>>"},"content":{"rendered":"\n<p><strong>#Salamanca, #Gto.-<\/strong> El Gobierno encabezado por el Presidente C\u00e9sar Prieto contin\u00faa demostrando su compromiso con la seguridad y bienestar de la comunidad de Salamanca. A trav\u00e9s de la Polic\u00eda Municipal, se han intensificado los recorridos en las zonas rurales y urbanas que albergan instituciones educativas, con el objetivo de salvaguardar la integridad de ni\u00f1as, ni\u00f1os, adolescentes y j\u00f3venes.<\/p>\n\n\n\n<p>Diariamente, la Polic\u00eda Municipal realiza recorridos que incluyen una estrecha colaboraci\u00f3n con las autoridades educativas, docentes y padres de familia. Estas acciones son respaldadas por la comunidad escolar que reconoce la importancia de mantener operativos de seguridad que disuadan delitos y situaciones de riesgo.<\/p>\n\n\n\n<p>El Gobierno de C\u00e9sar Prieto trabaja en reuniones de seguridad con instituciones federales y estatales. Estas tienen como objetivo promover estrategias que contribuyan a la reducci\u00f3n de los \u00edndices delictivos en Salamanca y a fomentar la paz en la regi\u00f3n. La colaboraci\u00f3n interinstitucional es fundamental para fortalecer la seguridad y el bienestar de la comunidad.<\/p>\n\n\n\n<p>Salamanca contin\u00faa trabajando por la seguridad y la protecci\u00f3n de su poblaci\u00f3n.\u00a0 La Polic\u00eda Municipal seguir\u00e1 desempe\u00f1ando un papel activo en la prevenci\u00f3n y respuesta a situaciones de riesgo, garantizando un entorno seguro para el aprendizaje y el desarrollo de NNA y j\u00f3venes.<\/p>\n\n\n\n<p><strong>#ElGuanajuatenseVIP &#8211; <\/strong><a href=\"https:\/\/www.facebook.com\/ElGuanajuatenseVIP\/\">El Guanajuatense VIP<\/a><\/p>\n","protected":false},"excerpt":{"rendered":"<p>#Salamanca, #Gto.- El Gobierno encabezado por el Presidente C\u00e9sar Prieto contin\u00faa demostrando su compromiso con la seguridad y bienestar de<\/p>\n","protected":false},"author":7,"featured_media":7521,"comment_status":"open","ping_status":"open","sticky":false,"template":"","format":"standard","meta":{"colormag_page_container_layout":"default_layout","colormag_page_sidebar_layout":"default_layout","rop_custom_images_group":[],"rop_custom_messages_group":[],"rop_publish_now":"initial","rop_publish_now_accounts":{"facebook_100397929117741_105998571690021":""},"rop_publish_now_history":[],"rop_publish_now_status":"pending","footnotes":""},"categories":[27],"tags":[85,42,86,39,41],"class_list":["post-7520","post","type-post","status-publish","format-standard","has-post-thumbnail","hentry","category-municipios-destacados","tag-cesar-prieto-gallardo","tag-en-vivo","tag-presidencia-municipal-de-salamanca","tag-ultima-hora","tag-ultimo-minuto"],"_links":{"self":[{"href":"https:\/\/elguanajuatense.vip\/index.php?rest_route=\/wp\/v2\/posts\/7520","targetHints":{"allow":["GET"]}}],"collection":[{"href":"https:\/\/elguanajuatense.vip\/index.php?rest_route=\/wp\/v2\/posts"}],"about":[{"href":"https:\/\/elguanajuatense.vip\/index.php?rest_route=\/wp\/v2\/types\/post"}],"author":[{"embeddable":true,"href":"https:\/\/elguanajuatense.vip\/index.php?rest_route=\/wp\/v2\/users\/7"}],"replies":[{"embeddable":true,"href":"https:\/\/elguanajuatense.vip\/index.php?rest_route=%2Fwp%2Fv2%2Fcomments&post=7520"}],"version-history":[{"count":1,"href":"https:\/\/elguanajuatense.vip\/index.php?rest_route=\/wp\/v2\/posts\/7520\/revisions"}],"predecessor-version":[{"id":7522,"href":"https:\/\/elguanajuatense.vip\/index.php?rest_route=\/wp\/v2\/posts\/7520\/revisions\/7522"}],"wp:featuredmedia":[{"embeddable":true,"href":"https:\/\/elguanajuatense.vip\/index.php?rest_route=\/wp\/v2\/media\/7521"}],"wp:attachment":[{"href":"https:\/\/elguanajuatense.vip\/index.php?rest_route=%2Fwp%2Fv2%2Fmedia&parent=7520"}],"wp:term":[{"taxonomy":"category","embeddable":true,"href":"https:\/\/elguanajuatense.vip\/index.php?rest_route=%2Fwp%2Fv2%2Fcategories&post=7520"},{"taxonomy":"post_tag","embeddable":true,"href":"https:\/\/elguanajuatense.vip\/index.php?rest_route=%2Fwp%2Fv2%2Ftags&post=7520"}],"curies":[{"name":"wp","href":"https:\/\/api.w.org\/{rel}","templated":true}]}}